{"id":10341,"date":"2019-04-30T14:21:44","date_gmt":"2019-04-30T17:21:44","guid":{"rendered":"https:\/\/grupociatos.com.br\/?p=10341"},"modified":"2019-04-30T14:21:44","modified_gmt":"2019-04-30T17:21:44","slug":"e-possivel-a-criacao-de-subclasses-entre-os-credores-da-recuperacao-judicial","status":"publish","type":"post","link":"https:\/\/www.grupociatos.com.br\/?p=10341","title":{"rendered":"\u00c9 POSS\u00cdVEL A CRIA\u00c7\u00c3O DE SUBCLASSES ENTRE OS CREDORES DA RECUPERA\u00c7\u00c3O JUDICIAL?"},"content":{"rendered":"<p style=\"text-align: justify;\">A Terceira Turma do Superior Tribunal de Justi\u00e7a \u2013 STJ, no Recurso Especial n\u00ba 1.634.844-SP, cujo Relator foi o Ministro Ricardo Villas B\u00f4as Cueva, decidiram, por unanimidade, atrav\u00e9s de julgamento ocorrido em 12\/03\/2019, DJe 15\/03\/2019, que \u00e9 poss\u00edvel a cria\u00e7\u00e3o de subclasses entre os credores da recupera\u00e7\u00e3o judicial, desde que estabelecido um crit\u00e9rio objetivo, justificado no plano de recupera\u00e7\u00e3o judicial, abrangendo credores com interesses homog\u00eaneos, ficando vedada a anula\u00e7\u00e3o de direitos de eventuais credores isolados.<\/p>\n<p style=\"text-align: justify;\">A Lei n. 11.101\/2005, consagra o princ\u00edpio da paridade entre credores. Apesar de se tratar de um princ\u00edpio norteador da fal\u00eancia, momento em que o patrim\u00f4nio do falido ser\u00e1 vendido e o produto utilizado para o pagamento dos credores na ordem estabelecida na lei (realiza\u00e7\u00e3o do ativo para o pagamento do passivo), seus reflexos se irradiam na recupera\u00e7\u00e3o judicial, permitindo o controle de legalidade do plano de recupera\u00e7\u00e3o sob essa perspectiva.<\/p>\n<p style=\"text-align: justify;\">Na recupera\u00e7\u00e3o judicial, n\u00e3o h\u00e1 realiza\u00e7\u00e3o do ativo para o pagamento dos credores. Em regra, todos os credores ser\u00e3o pagos.<\/p>\n<p style=\"text-align: justify;\">Diante disso, o princ\u00edpio da paridade se aplica&nbsp;<em>&#8220;no que couber&#8221;<\/em>, como declara o Enunciado n\u00ba 81 da II Jornada de Direito Comercial. Significa dizer que deve haver tratamento igualit\u00e1rio entre os credores, mas que pode ocorrer o estabelecimento de distin\u00e7\u00f5es entre integrantes de uma mesma classe com interesses semelhantes.<\/p>\n<p style=\"text-align: justify;\">Tal fato se justifica pela constata\u00e7\u00e3o de que as classes de credores, especialmente a de quirograf\u00e1rios, re\u00fanem credores com interesses bastante heterog\u00eaneos: credores financeiros, fornecedores em geral, fornecedores dos quais depende a continuidade da atividade econ\u00f4mica, credores eventuais, cr\u00e9ditos com privil\u00e9gio geral, entre outros.<\/p>\n<p style=\"text-align: justify;\">Nesse contexto, a divis\u00e3o em subclasses deve se pautar pelo estabelecimento de um crit\u00e9rio objetivo, abrangendo credores com interesses homog\u00eaneos, com a clara justificativa de sua ado\u00e7\u00e3o no plano de recupera\u00e7\u00e3o.<\/p>\n<p style=\"text-align: justify;\">Essa provid\u00eancia busca garantir a lisura na vota\u00e7\u00e3o do plano, afastando a possibilidade de que a recuperanda direcione a vota\u00e7\u00e3o com a estipula\u00e7\u00e3o de privil\u00e9gios em favor de credores suficientes para a aprova\u00e7\u00e3o do plano, dissociados da finalidade da recupera\u00e7\u00e3o judicial. Vale lembrar, no ponto, que a recupera\u00e7\u00e3o judicial busca a negocia\u00e7\u00e3o coletiva e n\u00e3o individual, reunindo os credores para tentar a supera\u00e7\u00e3o das dificuldades econ\u00f4micas da empresa.<\/p>\n<p style=\"text-align: justify;\">Outro ponto que deve ser objeto de aten\u00e7\u00e3o \u00e9 evitar que credores isolados, com realidades espec\u00edficas, tenham seu direito de cr\u00e9dito anulado com a cria\u00e7\u00e3o de subclasses.<\/p>\n<p style=\"text-align: justify;\">Posto isto, cabe concluir que \u00e9 sim poss\u00edvel a cria\u00e7\u00e3o de subclasses entre os credores da recupera\u00e7\u00e3o judicial.<\/p>\n\n\n<p>A equipe de consultores do Grupo Ciatos se coloca \u00e0 disposi\u00e7\u00e3o para solucionar eventuais d\u00favidas.<\/p>\n\n\n\n<p><strong>Quer conhecer um pouco mais sobre o <\/strong><strong>Grupo Ciatos?<\/strong><\/p>\n\n\n\n<p>Preencha o formul\u00e1rio abaixo que um dos Consultores&nbsp;Ciatos&nbsp;entrar\u00e1 em contato para agendar uma visita.&nbsp;<\/p>\n","protected":false},"excerpt":{"rendered":"<p>A Terceira Turma do Superior Tribunal de Justi\u00e7a \u2013 STJ, no Recurso Especial n\u00ba 1.634.844-SP, cujo Relator foi o Ministro Ricardo Villas B\u00f4as Cueva, decidiram, por unanimidade, atrav\u00e9s de julgamento ocorrido em 12\/03\/2019, DJe 15\/03\/2019, que \u00e9 poss\u00edvel a cria\u00e7\u00e3o de subclasses entre os credores da recupera\u00e7\u00e3o judicial, desde que estabelecido um crit\u00e9rio objetivo, justificado [&hellip;]<\/p>\n","protected":false},"author":1,"featured_media":10360,"comment_status":"open","ping_status":"open","sticky":false,"template":"","format":"standard","meta":{"inline_featured_image":false,"footnotes":""},"categories":[648],"tags":[1080,646,703,1379,649,1380],"_segmentos":[],"class_list":["post-10341","post","type-post","status-publish","format-standard","has-post-thumbnail","hentry","category-recuperacao-judicial","tag-advogado-recuperacao-judicial","tag-falencia","tag-grupo-ciatos","tag-possibilidade-de-criacao","tag-recuperacao-judicial","tag-subclasses-de-credores"],"yoast_head":"<!-- This site is optimized with the Yoast SEO plugin v26.4 - https:\/\/yoast.com\/wordpress\/plugins\/seo\/ -->\n<title>\u00c9 POSS\u00cdVEL A CRIA\u00c7\u00c3O DE SUBCLASSES ENTRE OS CREDORES DA RECUPERA\u00c7\u00c3O JUDICIAL? - Grupo Ciatos<\/title>\n<meta name=\"robots\" content=\"index, follow, max-snippet:-1, max-image-preview:large, max-video-preview:-1\" \/>\n<link rel=\"canonical\" href=\"https:\/\/www.grupociatos.com.br\/?p=10341\" \/>\n<meta property=\"og:locale\" content=\"pt_BR\" \/>\n<meta property=\"og:type\" content=\"article\" \/>\n<meta property=\"og:title\" content=\"\u00c9 POSS\u00cdVEL A CRIA\u00c7\u00c3O DE SUBCLASSES ENTRE OS CREDORES DA RECUPERA\u00c7\u00c3O JUDICIAL? - Grupo Ciatos\" \/>\n<meta property=\"og:description\" content=\"A Terceira Turma do Superior Tribunal de Justi\u00e7a \u2013 STJ, no Recurso Especial n\u00ba 1.634.844-SP, cujo Relator foi o Ministro Ricardo Villas B\u00f4as Cueva, decidiram, por unanimidade, atrav\u00e9s de julgamento ocorrido em 12\/03\/2019, DJe 15\/03\/2019, que \u00e9 poss\u00edvel a cria\u00e7\u00e3o de subclasses entre os credores da recupera\u00e7\u00e3o judicial, desde que estabelecido um crit\u00e9rio objetivo, justificado [&hellip;]\" \/>\n<meta property=\"og:url\" content=\"https:\/\/www.grupociatos.com.br\/?p=10341\" \/>\n<meta property=\"og:site_name\" content=\"Grupo Ciatos\" \/>\n<meta property=\"article:published_time\" content=\"2019-04-30T17:21:44+00:00\" \/>\n<meta name=\"author\" content=\"Grupo Ciatos\" \/>\n<meta name=\"twitter:card\" content=\"summary_large_image\" \/>\n<meta name=\"twitter:label1\" content=\"Written by\" \/>\n\t<meta name=\"twitter:data1\" content=\"Grupo Ciatos\" \/>\n\t<meta name=\"twitter:label2\" content=\"Est. reading time\" \/>\n\t<meta name=\"twitter:data2\" content=\"2 minutos\" \/>\n<script type=\"application\/ld+json\" class=\"yoast-schema-graph\">{\"@context\":\"https:\/\/schema.org\",\"@graph\":[{\"@type\":\"WebPage\",\"@id\":\"https:\/\/www.grupociatos.com.br\/?p=10341\",\"url\":\"https:\/\/www.grupociatos.com.br\/?p=10341\",\"name\":\"\u00c9 POSS\u00cdVEL A CRIA\u00c7\u00c3O DE SUBCLASSES ENTRE OS CREDORES DA RECUPERA\u00c7\u00c3O JUDICIAL? - Grupo Ciatos\",\"isPartOf\":{\"@id\":\"https:\/\/www.grupociatos.com.br\/#website\"},\"primaryImageOfPage\":{\"@id\":\"https:\/\/www.grupociatos.com.br\/?p=10341#primaryimage\"},\"image\":{\"@id\":\"https:\/\/www.grupociatos.com.br\/?p=10341#primaryimage\"},\"thumbnailUrl\":\"\",\"datePublished\":\"2019-04-30T17:21:44+00:00\",\"author\":{\"@id\":\"https:\/\/www.grupociatos.com.br\/#\/schema\/person\/c3d1c2165562e77b89deb88dec0b71c9\"},\"breadcrumb\":{\"@id\":\"https:\/\/www.grupociatos.com.br\/?p=10341#breadcrumb\"},\"inLanguage\":\"pt-BR\",\"potentialAction\":[{\"@type\":\"ReadAction\",\"target\":[\"https:\/\/www.grupociatos.com.br\/?p=10341\"]}]},{\"@type\":\"ImageObject\",\"inLanguage\":\"pt-BR\",\"@id\":\"https:\/\/www.grupociatos.com.br\/?p=10341#primaryimage\",\"url\":\"\",\"contentUrl\":\"\"},{\"@type\":\"BreadcrumbList\",\"@id\":\"https:\/\/www.grupociatos.com.br\/?p=10341#breadcrumb\",\"itemListElement\":[{\"@type\":\"ListItem\",\"position\":1,\"name\":\"Home\",\"item\":\"https:\/\/www.grupociatos.com.br\/\"},{\"@type\":\"ListItem\",\"position\":2,\"name\":\"\u00c9 POSS\u00cdVEL A CRIA\u00c7\u00c3O DE SUBCLASSES ENTRE OS CREDORES DA RECUPERA\u00c7\u00c3O JUDICIAL?\"}]},{\"@type\":\"WebSite\",\"@id\":\"https:\/\/www.grupociatos.com.br\/#website\",\"url\":\"https:\/\/www.grupociatos.com.br\/\",\"name\":\"Grupo Ciatos\",\"description\":\"\",\"potentialAction\":[{\"@type\":\"SearchAction\",\"target\":{\"@type\":\"EntryPoint\",\"urlTemplate\":\"https:\/\/www.grupociatos.com.br\/?s={search_term_string}\"},\"query-input\":{\"@type\":\"PropertyValueSpecification\",\"valueRequired\":true,\"valueName\":\"search_term_string\"}}],\"inLanguage\":\"pt-BR\"},{\"@type\":\"Person\",\"@id\":\"https:\/\/www.grupociatos.com.br\/#\/schema\/person\/c3d1c2165562e77b89deb88dec0b71c9\",\"name\":\"Grupo Ciatos\",\"image\":{\"@type\":\"ImageObject\",\"inLanguage\":\"pt-BR\",\"@id\":\"https:\/\/www.grupociatos.com.br\/#\/schema\/person\/image\/\",\"url\":\"https:\/\/secure.gravatar.com\/avatar\/af80136d966725a0ae580ab51908e940da73c4073e4a1ab3919ae432f1ed6112?s=96&d=mm&r=g\",\"contentUrl\":\"https:\/\/secure.gravatar.com\/avatar\/af80136d966725a0ae580ab51908e940da73c4073e4a1ab3919ae432f1ed6112?s=96&d=mm&r=g\",\"caption\":\"Grupo Ciatos\"},\"sameAs\":[\"https:\/\/www.grupociatos.com.br\"],\"url\":\"https:\/\/www.grupociatos.com.br\/?author=1\"}]}<\/script>\n<!-- \/ Yoast SEO plugin. -->","yoast_head_json":{"title":"\u00c9 POSS\u00cdVEL A CRIA\u00c7\u00c3O DE SUBCLASSES ENTRE OS CREDORES DA RECUPERA\u00c7\u00c3O JUDICIAL? - Grupo Ciatos","robots":{"index":"index","follow":"follow","max-snippet":"max-snippet:-1","max-image-preview":"max-image-preview:large","max-video-preview":"max-video-preview:-1"},"canonical":"https:\/\/www.grupociatos.com.br\/?p=10341","og_locale":"pt_BR","og_type":"article","og_title":"\u00c9 POSS\u00cdVEL A CRIA\u00c7\u00c3O DE SUBCLASSES ENTRE OS CREDORES DA RECUPERA\u00c7\u00c3O JUDICIAL? - Grupo Ciatos","og_description":"A Terceira Turma do Superior Tribunal de Justi\u00e7a \u2013 STJ, no Recurso Especial n\u00ba 1.634.844-SP, cujo Relator foi o Ministro Ricardo Villas B\u00f4as Cueva, decidiram, por unanimidade, atrav\u00e9s de julgamento ocorrido em 12\/03\/2019, DJe 15\/03\/2019, que \u00e9 poss\u00edvel a cria\u00e7\u00e3o de subclasses entre os credores da recupera\u00e7\u00e3o judicial, desde que estabelecido um crit\u00e9rio objetivo, justificado [&hellip;]","og_url":"https:\/\/www.grupociatos.com.br\/?p=10341","og_site_name":"Grupo Ciatos","article_published_time":"2019-04-30T17:21:44+00:00","author":"Grupo Ciatos","twitter_card":"summary_large_image","twitter_misc":{"Written by":"Grupo Ciatos","Est. reading time":"2 minutos"},"schema":{"@context":"https:\/\/schema.org","@graph":[{"@type":"WebPage","@id":"https:\/\/www.grupociatos.com.br\/?p=10341","url":"https:\/\/www.grupociatos.com.br\/?p=10341","name":"\u00c9 POSS\u00cdVEL A CRIA\u00c7\u00c3O DE SUBCLASSES ENTRE OS CREDORES DA RECUPERA\u00c7\u00c3O JUDICIAL? - Grupo Ciatos","isPartOf":{"@id":"https:\/\/www.grupociatos.com.br\/#website"},"primaryImageOfPage":{"@id":"https:\/\/www.grupociatos.com.br\/?p=10341#primaryimage"},"image":{"@id":"https:\/\/www.grupociatos.com.br\/?p=10341#primaryimage"},"thumbnailUrl":"","datePublished":"2019-04-30T17:21:44+00:00","author":{"@id":"https:\/\/www.grupociatos.com.br\/#\/schema\/person\/c3d1c2165562e77b89deb88dec0b71c9"},"breadcrumb":{"@id":"https:\/\/www.grupociatos.com.br\/?p=10341#breadcrumb"},"inLanguage":"pt-BR","potentialAction":[{"@type":"ReadAction","target":["https:\/\/www.grupociatos.com.br\/?p=10341"]}]},{"@type":"ImageObject","inLanguage":"pt-BR","@id":"https:\/\/www.grupociatos.com.br\/?p=10341#primaryimage","url":"","contentUrl":""},{"@type":"BreadcrumbList","@id":"https:\/\/www.grupociatos.com.br\/?p=10341#breadcrumb","itemListElement":[{"@type":"ListItem","position":1,"name":"Home","item":"https:\/\/www.grupociatos.com.br\/"},{"@type":"ListItem","position":2,"name":"\u00c9 POSS\u00cdVEL A CRIA\u00c7\u00c3O DE SUBCLASSES ENTRE OS CREDORES DA RECUPERA\u00c7\u00c3O JUDICIAL?"}]},{"@type":"WebSite","@id":"https:\/\/www.grupociatos.com.br\/#website","url":"https:\/\/www.grupociatos.com.br\/","name":"Grupo Ciatos","description":"","potentialAction":[{"@type":"SearchAction","target":{"@type":"EntryPoint","urlTemplate":"https:\/\/www.grupociatos.com.br\/?s={search_term_string}"},"query-input":{"@type":"PropertyValueSpecification","valueRequired":true,"valueName":"search_term_string"}}],"inLanguage":"pt-BR"},{"@type":"Person","@id":"https:\/\/www.grupociatos.com.br\/#\/schema\/person\/c3d1c2165562e77b89deb88dec0b71c9","name":"Grupo Ciatos","image":{"@type":"ImageObject","inLanguage":"pt-BR","@id":"https:\/\/www.grupociatos.com.br\/#\/schema\/person\/image\/","url":"https:\/\/secure.gravatar.com\/avatar\/af80136d966725a0ae580ab51908e940da73c4073e4a1ab3919ae432f1ed6112?s=96&d=mm&r=g","contentUrl":"https:\/\/secure.gravatar.com\/avatar\/af80136d966725a0ae580ab51908e940da73c4073e4a1ab3919ae432f1ed6112?s=96&d=mm&r=g","caption":"Grupo Ciatos"},"sameAs":["https:\/\/www.grupociatos.com.br"],"url":"https:\/\/www.grupociatos.com.br\/?author=1"}]}},"_links":{"self":[{"href":"https:\/\/www.grupociatos.com.br\/index.php?rest_route=\/wp\/v2\/posts\/10341","targetHints":{"allow":["GET"]}}],"collection":[{"href":"https:\/\/www.grupociatos.com.br\/index.php?rest_route=\/wp\/v2\/posts"}],"about":[{"href":"https:\/\/www.grupociatos.com.br\/index.php?rest_route=\/wp\/v2\/types\/post"}],"author":[{"embeddable":true,"href":"https:\/\/www.grupociatos.com.br\/index.php?rest_route=\/wp\/v2\/users\/1"}],"replies":[{"embeddable":true,"href":"https:\/\/www.grupociatos.com.br\/index.php?rest_route=%2Fwp%2Fv2%2Fcomments&post=10341"}],"version-history":[{"count":0,"href":"https:\/\/www.grupociatos.com.br\/index.php?rest_route=\/wp\/v2\/posts\/10341\/revisions"}],"wp:featuredmedia":[{"embeddable":true,"href":"https:\/\/www.grupociatos.com.br\/index.php?rest_route=\/"}],"wp:attachment":[{"href":"https:\/\/www.grupociatos.com.br\/index.php?rest_route=%2Fwp%2Fv2%2Fmedia&parent=10341"}],"wp:term":[{"taxonomy":"category","embeddable":true,"href":"https:\/\/www.grupociatos.com.br\/index.php?rest_route=%2Fwp%2Fv2%2Fcategories&post=10341"},{"taxonomy":"post_tag","embeddable":true,"href":"https:\/\/www.grupociatos.com.br\/index.php?rest_route=%2Fwp%2Fv2%2Ftags&post=10341"},{"taxonomy":"_segmentos","embeddable":true,"href":"https:\/\/www.grupociatos.com.br\/index.php?rest_route=%2Fwp%2Fv2%2F_segmentos&post=10341"}],"curies":[{"name":"wp","href":"https:\/\/api.w.org\/{rel}","templated":true}]}}