{"id":10627,"date":"2019-07-09T16:55:22","date_gmt":"2019-07-09T19:55:22","guid":{"rendered":"https:\/\/grupociatos.com.br\/?p=10627"},"modified":"2019-07-09T16:55:22","modified_gmt":"2019-07-09T19:55:22","slug":"empresa-inativa-nao-deve-pagar-taxa-de-fiscalizacao","status":"publish","type":"post","link":"https:\/\/www.grupociatos.com.br\/?p=10627","title":{"rendered":"EMPRESA INATIVA N\u00c3O DEVE PAGAR TAXA DE FISCALIZA\u00c7\u00c3O?"},"content":{"rendered":"<p>A 5\u00aa C\u00e2mara C\u00edvel do Tribunal de Justi\u00e7a de Minas Gerais, processo 1.0878.18.000889-7\/001, decidiu que se uma empresa est\u00e1 inativa, ela n\u00e3o deve pagar Taxa de Licen\u00e7a de Localiza\u00e7\u00e3o e Funcionamento (TLLF).<\/p>\n<p>Isso porque as taxas de pol\u00edcia \u2014 como essa \u2014&nbsp;pressup\u00f5em o exerc\u00edcio regular e efetivo do poder de pol\u00edcia. Ou seja, a fiscaliza\u00e7\u00e3o da atividade comercial, algo que n\u00e3o ocorre se a companhia n\u00e3o est\u00e1 em funcionamento.<\/p>\n<p style=\"text-align: justify;\">A 5\u00aa C\u00e2mara C\u00edvel do Tribunal de Justi\u00e7a de Minas Gerais, que manteve anulada a cobran\u00e7a da taxa da Auto Via\u00e7\u00e3o Cambu\u00ed pelo munic\u00edpio de Camanducaia.<\/p>\n<p style=\"text-align: justify;\">A empresa moveu a\u00e7\u00e3o anulat\u00f3ria de d\u00e9bito fiscal, e o ju\u00edzo de primeira inst\u00e2ncia cancelou a TLLF referente aos anos de 2015 e 2018, al\u00e9m de determinar que o munic\u00edpio lhe restitu\u00edsse os valores recolhidos em 2014, 2016 e 2017.<\/p>\n<p style=\"text-align: justify;\">Em apela\u00e7\u00e3o, o munic\u00edpio de Camanducaia alegou que, como o Supremo Tribunal Federal decidiu no Recurso Extraordin\u00e1rio 588.322, o simples fato de existir um \u00f3rg\u00e3o estruturado e em efetivo funcionamento caracteriza o exerc\u00edcio regular do poder de pol\u00edcia, viabilizando a exig\u00eancia da taxa. Assim, o munic\u00edpio argumentou que o tributo \u00e9 v\u00e1lido e \u00e9 desnecess\u00e1rio que o contribuinte tenha sido efetivamente fiscalizado. Al\u00e9m disso, a cidade sustentou que a empresa promove viagens de \u00f4nibus que saem de Camanducaia.<\/p>\n<p style=\"text-align: justify;\">O relator do caso, desembargador Wander Marotta, afirmou que ficou claro que a Auto Via\u00e7\u00e3o Cambu\u00ed est\u00e1 inativa no im\u00f3vel que gerou as cobran\u00e7as. Logo, n\u00e3o houve o exerc\u00edcio do poder de pol\u00edcia relativo \u00e0 TLLF.<\/p>\n<p style=\"text-align: justify;\">E o n\u00e3o funcionamento de uma empresa afasta a incid\u00eancia dessa taxa, destacou o magistrado. Isso porque o artigo 77 do C\u00f3digo Tribut\u00e1rio Nacional estabelece que a taxa de pol\u00edcia pressup\u00f5e o exerc\u00edcio regular desse poder. E os artigos 135 e 136 do C\u00f3digo Tribut\u00e1rio do Munic\u00edpio de Camanducaia refor\u00e7am esse entendimento.<\/p>\n<p style=\"text-align: justify;\">Segundo o Relator: <em>\u201cA taxa acima descrita, ent\u00e3o, possui como fato gerador o exerc\u00edcio do poder de pol\u00edcia consubstanciado na fiscaliza\u00e7\u00e3o da atividade desenvolvida pelo estabelecimento comercial, bem como para verificar as condi\u00e7\u00f5es de instala\u00e7\u00e3o e desenvolvimento das atividades. Estando inativa a atividade empresarial no endere\u00e7o informado pelo fisco, n\u00e3o ocorre o fato gerador da taxa\u201d.<\/em><\/p>\n\n\n<p>A equipe de consultores do Grupo Ciatos se coloca \u00e0 disposi\u00e7\u00e3o para solucionar eventuais d\u00favidas.<\/p>\n\n\n\n<p><strong>Quer conhecer um pouco mais sobre o <\/strong><strong>Grupo Ciatos?<\/strong><\/p>\n\n\n\n<p>Preencha o formul\u00e1rio abaixo que um dos Consultores&nbsp;Ciatos&nbsp;entrar\u00e1 em contato para agendar uma visita.&nbsp;<\/p>\n","protected":false},"excerpt":{"rendered":"<p>A 5\u00aa C\u00e2mara C\u00edvel do Tribunal de Justi\u00e7a de Minas Gerais, processo 1.0878.18.000889-7\/001, decidiu que se uma empresa est\u00e1 inativa, ela n\u00e3o deve pagar Taxa de Licen\u00e7a de Localiza\u00e7\u00e3o e Funcionamento (TLLF). Isso porque as taxas de pol\u00edcia \u2014 como essa \u2014&nbsp;pressup\u00f5em o exerc\u00edcio regular e efetivo do poder de pol\u00edcia. Ou seja, a fiscaliza\u00e7\u00e3o [&hellip;]<\/p>\n","protected":false},"author":1,"featured_media":10638,"comment_status":"open","ping_status":"open","sticky":false,"template":"","format":"standard","meta":{"inline_featured_image":false,"footnotes":""},"categories":[333],"tags":[703,1465,1466,167],"_segmentos":[],"class_list":["post-10627","post","type-post","status-publish","format-standard","has-post-thumbnail","hentry","category-empreendedorismo","tag-grupo-ciatos","tag-taxa-de-fiscalizacao-nao-e-devida-por-empresas-inativas-em-mg","tag-taxas","tag-tributos"],"yoast_head":"<!-- This site is optimized with the Yoast SEO plugin v26.4 - https:\/\/yoast.com\/wordpress\/plugins\/seo\/ -->\n<title>EMPRESA INATIVA N\u00c3O DEVE PAGAR TAXA DE FISCALIZA\u00c7\u00c3O? - Grupo Ciatos<\/title>\n<meta name=\"robots\" content=\"index, follow, max-snippet:-1, max-image-preview:large, max-video-preview:-1\" \/>\n<link rel=\"canonical\" href=\"https:\/\/www.grupociatos.com.br\/?p=10627\" \/>\n<meta property=\"og:locale\" content=\"pt_BR\" \/>\n<meta property=\"og:type\" content=\"article\" \/>\n<meta property=\"og:title\" content=\"EMPRESA INATIVA N\u00c3O DEVE PAGAR TAXA DE FISCALIZA\u00c7\u00c3O? - Grupo Ciatos\" \/>\n<meta property=\"og:description\" content=\"A 5\u00aa C\u00e2mara C\u00edvel do Tribunal de Justi\u00e7a de Minas Gerais, processo 1.0878.18.000889-7\/001, decidiu que se uma empresa est\u00e1 inativa, ela n\u00e3o deve pagar Taxa de Licen\u00e7a de Localiza\u00e7\u00e3o e Funcionamento (TLLF). Isso porque as taxas de pol\u00edcia \u2014 como essa \u2014&nbsp;pressup\u00f5em o exerc\u00edcio regular e efetivo do poder de pol\u00edcia. Ou seja, a fiscaliza\u00e7\u00e3o [&hellip;]\" \/>\n<meta property=\"og:url\" content=\"https:\/\/www.grupociatos.com.br\/?p=10627\" \/>\n<meta property=\"og:site_name\" content=\"Grupo Ciatos\" \/>\n<meta property=\"article:published_time\" content=\"2019-07-09T19:55:22+00:00\" \/>\n<meta name=\"author\" content=\"Grupo Ciatos\" \/>\n<meta name=\"twitter:card\" content=\"summary_large_image\" \/>\n<meta name=\"twitter:label1\" content=\"Written by\" \/>\n\t<meta name=\"twitter:data1\" content=\"Grupo Ciatos\" \/>\n\t<meta name=\"twitter:label2\" content=\"Est. reading time\" \/>\n\t<meta name=\"twitter:data2\" content=\"2 minutos\" \/>\n<script type=\"application\/ld+json\" class=\"yoast-schema-graph\">{\"@context\":\"https:\/\/schema.org\",\"@graph\":[{\"@type\":\"WebPage\",\"@id\":\"https:\/\/www.grupociatos.com.br\/?p=10627\",\"url\":\"https:\/\/www.grupociatos.com.br\/?p=10627\",\"name\":\"EMPRESA INATIVA N\u00c3O DEVE PAGAR TAXA DE FISCALIZA\u00c7\u00c3O? - Grupo Ciatos\",\"isPartOf\":{\"@id\":\"https:\/\/www.grupociatos.com.br\/#website\"},\"primaryImageOfPage\":{\"@id\":\"https:\/\/www.grupociatos.com.br\/?p=10627#primaryimage\"},\"image\":{\"@id\":\"https:\/\/www.grupociatos.com.br\/?p=10627#primaryimage\"},\"thumbnailUrl\":\"\",\"datePublished\":\"2019-07-09T19:55:22+00:00\",\"author\":{\"@id\":\"https:\/\/www.grupociatos.com.br\/#\/schema\/person\/c3d1c2165562e77b89deb88dec0b71c9\"},\"breadcrumb\":{\"@id\":\"https:\/\/www.grupociatos.com.br\/?p=10627#breadcrumb\"},\"inLanguage\":\"pt-BR\",\"potentialAction\":[{\"@type\":\"ReadAction\",\"target\":[\"https:\/\/www.grupociatos.com.br\/?p=10627\"]}]},{\"@type\":\"ImageObject\",\"inLanguage\":\"pt-BR\",\"@id\":\"https:\/\/www.grupociatos.com.br\/?p=10627#primaryimage\",\"url\":\"\",\"contentUrl\":\"\"},{\"@type\":\"BreadcrumbList\",\"@id\":\"https:\/\/www.grupociatos.com.br\/?p=10627#breadcrumb\",\"itemListElement\":[{\"@type\":\"ListItem\",\"position\":1,\"name\":\"Home\",\"item\":\"https:\/\/www.grupociatos.com.br\/\"},{\"@type\":\"ListItem\",\"position\":2,\"name\":\"EMPRESA INATIVA N\u00c3O DEVE PAGAR TAXA DE FISCALIZA\u00c7\u00c3O?\"}]},{\"@type\":\"WebSite\",\"@id\":\"https:\/\/www.grupociatos.com.br\/#website\",\"url\":\"https:\/\/www.grupociatos.com.br\/\",\"name\":\"Grupo Ciatos\",\"description\":\"\",\"potentialAction\":[{\"@type\":\"SearchAction\",\"target\":{\"@type\":\"EntryPoint\",\"urlTemplate\":\"https:\/\/www.grupociatos.com.br\/?s={search_term_string}\"},\"query-input\":{\"@type\":\"PropertyValueSpecification\",\"valueRequired\":true,\"valueName\":\"search_term_string\"}}],\"inLanguage\":\"pt-BR\"},{\"@type\":\"Person\",\"@id\":\"https:\/\/www.grupociatos.com.br\/#\/schema\/person\/c3d1c2165562e77b89deb88dec0b71c9\",\"name\":\"Grupo Ciatos\",\"image\":{\"@type\":\"ImageObject\",\"inLanguage\":\"pt-BR\",\"@id\":\"https:\/\/www.grupociatos.com.br\/#\/schema\/person\/image\/\",\"url\":\"https:\/\/secure.gravatar.com\/avatar\/af80136d966725a0ae580ab51908e940da73c4073e4a1ab3919ae432f1ed6112?s=96&d=mm&r=g\",\"contentUrl\":\"https:\/\/secure.gravatar.com\/avatar\/af80136d966725a0ae580ab51908e940da73c4073e4a1ab3919ae432f1ed6112?s=96&d=mm&r=g\",\"caption\":\"Grupo Ciatos\"},\"sameAs\":[\"https:\/\/www.grupociatos.com.br\"],\"url\":\"https:\/\/www.grupociatos.com.br\/?author=1\"}]}<\/script>\n<!-- \/ Yoast SEO plugin. -->","yoast_head_json":{"title":"EMPRESA INATIVA N\u00c3O DEVE PAGAR TAXA DE FISCALIZA\u00c7\u00c3O? - Grupo Ciatos","robots":{"index":"index","follow":"follow","max-snippet":"max-snippet:-1","max-image-preview":"max-image-preview:large","max-video-preview":"max-video-preview:-1"},"canonical":"https:\/\/www.grupociatos.com.br\/?p=10627","og_locale":"pt_BR","og_type":"article","og_title":"EMPRESA INATIVA N\u00c3O DEVE PAGAR TAXA DE FISCALIZA\u00c7\u00c3O? - Grupo Ciatos","og_description":"A 5\u00aa C\u00e2mara C\u00edvel do Tribunal de Justi\u00e7a de Minas Gerais, processo 1.0878.18.000889-7\/001, decidiu que se uma empresa est\u00e1 inativa, ela n\u00e3o deve pagar Taxa de Licen\u00e7a de Localiza\u00e7\u00e3o e Funcionamento (TLLF). Isso porque as taxas de pol\u00edcia \u2014 como essa \u2014&nbsp;pressup\u00f5em o exerc\u00edcio regular e efetivo do poder de pol\u00edcia. Ou seja, a fiscaliza\u00e7\u00e3o [&hellip;]","og_url":"https:\/\/www.grupociatos.com.br\/?p=10627","og_site_name":"Grupo Ciatos","article_published_time":"2019-07-09T19:55:22+00:00","author":"Grupo Ciatos","twitter_card":"summary_large_image","twitter_misc":{"Written by":"Grupo Ciatos","Est. reading time":"2 minutos"},"schema":{"@context":"https:\/\/schema.org","@graph":[{"@type":"WebPage","@id":"https:\/\/www.grupociatos.com.br\/?p=10627","url":"https:\/\/www.grupociatos.com.br\/?p=10627","name":"EMPRESA INATIVA N\u00c3O DEVE PAGAR TAXA DE FISCALIZA\u00c7\u00c3O? - Grupo Ciatos","isPartOf":{"@id":"https:\/\/www.grupociatos.com.br\/#website"},"primaryImageOfPage":{"@id":"https:\/\/www.grupociatos.com.br\/?p=10627#primaryimage"},"image":{"@id":"https:\/\/www.grupociatos.com.br\/?p=10627#primaryimage"},"thumbnailUrl":"","datePublished":"2019-07-09T19:55:22+00:00","author":{"@id":"https:\/\/www.grupociatos.com.br\/#\/schema\/person\/c3d1c2165562e77b89deb88dec0b71c9"},"breadcrumb":{"@id":"https:\/\/www.grupociatos.com.br\/?p=10627#breadcrumb"},"inLanguage":"pt-BR","potentialAction":[{"@type":"ReadAction","target":["https:\/\/www.grupociatos.com.br\/?p=10627"]}]},{"@type":"ImageObject","inLanguage":"pt-BR","@id":"https:\/\/www.grupociatos.com.br\/?p=10627#primaryimage","url":"","contentUrl":""},{"@type":"BreadcrumbList","@id":"https:\/\/www.grupociatos.com.br\/?p=10627#breadcrumb","itemListElement":[{"@type":"ListItem","position":1,"name":"Home","item":"https:\/\/www.grupociatos.com.br\/"},{"@type":"ListItem","position":2,"name":"EMPRESA INATIVA N\u00c3O DEVE PAGAR TAXA DE FISCALIZA\u00c7\u00c3O?"}]},{"@type":"WebSite","@id":"https:\/\/www.grupociatos.com.br\/#website","url":"https:\/\/www.grupociatos.com.br\/","name":"Grupo Ciatos","description":"","potentialAction":[{"@type":"SearchAction","target":{"@type":"EntryPoint","urlTemplate":"https:\/\/www.grupociatos.com.br\/?s={search_term_string}"},"query-input":{"@type":"PropertyValueSpecification","valueRequired":true,"valueName":"search_term_string"}}],"inLanguage":"pt-BR"},{"@type":"Person","@id":"https:\/\/www.grupociatos.com.br\/#\/schema\/person\/c3d1c2165562e77b89deb88dec0b71c9","name":"Grupo Ciatos","image":{"@type":"ImageObject","inLanguage":"pt-BR","@id":"https:\/\/www.grupociatos.com.br\/#\/schema\/person\/image\/","url":"https:\/\/secure.gravatar.com\/avatar\/af80136d966725a0ae580ab51908e940da73c4073e4a1ab3919ae432f1ed6112?s=96&d=mm&r=g","contentUrl":"https:\/\/secure.gravatar.com\/avatar\/af80136d966725a0ae580ab51908e940da73c4073e4a1ab3919ae432f1ed6112?s=96&d=mm&r=g","caption":"Grupo Ciatos"},"sameAs":["https:\/\/www.grupociatos.com.br"],"url":"https:\/\/www.grupociatos.com.br\/?author=1"}]}},"_links":{"self":[{"href":"https:\/\/www.grupociatos.com.br\/index.php?rest_route=\/wp\/v2\/posts\/10627","targetHints":{"allow":["GET"]}}],"collection":[{"href":"https:\/\/www.grupociatos.com.br\/index.php?rest_route=\/wp\/v2\/posts"}],"about":[{"href":"https:\/\/www.grupociatos.com.br\/index.php?rest_route=\/wp\/v2\/types\/post"}],"author":[{"embeddable":true,"href":"https:\/\/www.grupociatos.com.br\/index.php?rest_route=\/wp\/v2\/users\/1"}],"replies":[{"embeddable":true,"href":"https:\/\/www.grupociatos.com.br\/index.php?rest_route=%2Fwp%2Fv2%2Fcomments&post=10627"}],"version-history":[{"count":0,"href":"https:\/\/www.grupociatos.com.br\/index.php?rest_route=\/wp\/v2\/posts\/10627\/revisions"}],"wp:featuredmedia":[{"embeddable":true,"href":"https:\/\/www.grupociatos.com.br\/index.php?rest_route=\/"}],"wp:attachment":[{"href":"https:\/\/www.grupociatos.com.br\/index.php?rest_route=%2Fwp%2Fv2%2Fmedia&parent=10627"}],"wp:term":[{"taxonomy":"category","embeddable":true,"href":"https:\/\/www.grupociatos.com.br\/index.php?rest_route=%2Fwp%2Fv2%2Fcategories&post=10627"},{"taxonomy":"post_tag","embeddable":true,"href":"https:\/\/www.grupociatos.com.br\/index.php?rest_route=%2Fwp%2Fv2%2Ftags&post=10627"},{"taxonomy":"_segmentos","embeddable":true,"href":"https:\/\/www.grupociatos.com.br\/index.php?rest_route=%2Fwp%2Fv2%2F_segmentos&post=10627"}],"curies":[{"name":"wp","href":"https:\/\/api.w.org\/{rel}","templated":true}]}}