{"id":11128,"date":"2019-10-01T10:42:34","date_gmt":"2019-10-01T13:42:34","guid":{"rendered":"https:\/\/grupociatos.com.br\/?p=11128"},"modified":"2019-10-01T10:42:34","modified_gmt":"2019-10-01T13:42:34","slug":"coordenacao-entre-empresas-e-identidade-de-socios-por-si-so-nao-caracterizam-grupo-economico","status":"publish","type":"post","link":"https:\/\/www.grupociatos.com.br\/?p=11128","title":{"rendered":"COORDENA\u00c7\u00c3O ENTRE EMPRESAS E IDENTIDADE DE S\u00d3CIOS, POR SI S\u00d3, N\u00c3O CARACTERIZAM GRUPO ECON\u00d4MICO"},"content":{"rendered":"<p style=\"text-align: justify;\"><span style=\"font-size: 14pt;\">Discuss\u00e3o reiterada no \u00e2mbito da justi\u00e7a do trabalho repousa nas alega\u00e7\u00f5es de responsabiliza\u00e7\u00e3o solid\u00e1ria das empresas pelo fato de haver s\u00f3cios em comum e coordena\u00e7\u00e3o entre as sociedades, sendo tal situa\u00e7\u00e3o considerada grupo econ\u00f4mico e enquadrada no art. 2\u00ba, \u00a7 2\u00ba da CLT.<\/span><\/p>\n<p style=\"text-align: justify;\"><span style=\"font-size: 14pt;\">Contudo, em que pese este ser um argumento ainda muito utilizado para atribuir obriga\u00e7\u00f5es \u00e0s empresas, a jurisprud\u00eancia do Tribunal Superior do Trabalho (TST) j\u00e1 pacificou o tema no sentido de que o simples fato da exist\u00eancia de s\u00f3cios em comum n\u00e3o \u00e9 capaz de configurar grupo econ\u00f4mico, e que a coordena\u00e7\u00e3o entre as empresas, sem rela\u00e7\u00e3o hier\u00e1rquica, tamb\u00e9m n\u00e3o caracteriza o referido grupo, restando afastada a responsabiliza\u00e7\u00e3o solid\u00e1ria.<\/span><\/p>\n<p style=\"text-align: justify;\"><span style=\"font-size: 14pt;\">Em recente demanda trabalhista, o Tribunal Regional do Trabalho da 2\u00aa Regi\u00e3o, do Estado de S\u00e3o Paulo, entendeu que a identidade de s\u00f3cios na administra\u00e7\u00e3o das empresas reclamadas, bem como a caracteriza\u00e7\u00e3o de coordena\u00e7\u00e3o inter-empresarial consubstanciada na participa\u00e7\u00e3o patrimonial de uma empresa em outra, foi suficiente para demonstrar a exist\u00eancia de grupo econ\u00f4mico, nos termos do \u00a7 2\u00b0 do artigo 2\u00b0 da CLT.<\/span><\/p>\n<p style=\"text-align: justify;\"><span style=\"font-size: 14pt;\"><strong>Da Inexist\u00eancia de Grupo Econ\u00f4mico \u2013 Rela\u00e7\u00e3o Hier\u00e1rquica N\u00e3o Configurada \u2013 Responsabilidade Solid\u00e1ria Afastada<\/strong><\/span><\/p>\n<p style=\"text-align: justify;\"><span style=\"font-size: 14pt;\">Contudo, reconhecer a exist\u00eancia de grupo econ\u00f4mico sem comprova\u00e7\u00e3o de rela\u00e7\u00e3o hier\u00e1rquica entre as empresas, sem demonstra\u00e7\u00e3o de interesse integrado e sem a efetiva comunh\u00e3o de interesses viola o princ\u00edpio da legalidade.<\/span><\/p>\n<p style=\"text-align: justify;\"><span style=\"font-size: 14pt;\">Vale ressaltar a disposi\u00e7\u00e3o legal da CLT, em seu artigo 2\u00ba, corroborando o afirmado acima:<\/span><\/p>\n<p style=\"text-align: justify; padding-left: 160px;\"><span style=\"font-size: 12pt;\">3o N\u00e3o caracteriza grupo econ\u00f4mico a mera identidade de s\u00f3cios, sendo necess\u00e1rias, para a configura\u00e7\u00e3o do grupo, a demonstra\u00e7\u00e3o do interesse integrado, a efetiva comunh\u00e3o de interesses e a atua\u00e7\u00e3o conjunta das empresas dele integrantes.<\/span><\/p>\n<p style=\"text-align: justify;\"><span style=\"font-size: 14pt;\">No caso concreto apreciado pelo TRT2, verificou-se apenas uma rela\u00e7\u00e3o de coordena\u00e7\u00e3o, colabora\u00e7\u00e3o m\u00fatua e coincid\u00eancia de s\u00f3cios entre as empresas reclamadas, o que n\u00e3o \u00e9 capaz de caracterizar grupo econ\u00f4mico e consequente responsabilidade solid\u00e1ria.<\/span><\/p>\n<p style=\"text-align: justify;\"><span style=\"font-size: 14pt;\">A problem\u00e1tica chegou ao Tribunal Superior do Trabalho (TST), vindo este refor\u00e7ar seu entendimento pacificado de que o reconhecimento de grupo econ\u00f4mico, com base exclusivamente na coordena\u00e7\u00e3o entre as empresas envolvidas, representa imposi\u00e7\u00e3o de responsabilidade solid\u00e1ria <u>n\u00e3o<\/u> prevista no artigo 2\u00ba, \u00a7 2\u00ba da CLT.<\/span><\/p>\n<p style=\"text-align: justify;\"><span style=\"font-size: 14pt;\">O TST ainda enfatizou que o ac\u00f3rd\u00e3o regional parece desafiar a remansosa jurisprud\u00eancia da Corte Superior, restando demonstrada, portanto, a transcend\u00eancia pol\u00edtica do debate proposto.<\/span><\/p>\n<p style=\"text-align: justify;\"><span style=\"font-size: 14pt;\">Diante do exposto, inexiste responsabilidade solid\u00e1ria entre empresas pelo simples fato de haver identidade de s\u00f3cios. Na an\u00e1lise do caso concreto deve-se verificar se est\u00e1 presente a rela\u00e7\u00e3o de hierarquia entre as demandadas, bem como a efetiva comunh\u00e3o de interesses, n\u00e3o bastando para a configura\u00e7\u00e3o do grupo econ\u00f4mico a mera coordena\u00e7\u00e3o inter-empresarial com participa\u00e7\u00e3o patrimonial de uma empresa em outra.<\/span><\/p>\n<p>A equipe de consultores do Grupo Ciatos se coloca \u00e0 disposi\u00e7\u00e3o para solucionar eventuais d\u00favidas.<\/p>\n<p><strong>Quer conhecer um pouco mais sobre o <\/strong><strong>Grupo Ciatos?<\/strong><\/p>\n<p>Preencha o formul\u00e1rio abaixo que um dos Consultores\u00a0Ciatos\u00a0entrar\u00e1 em contato para agendar uma visita.<\/p>\n","protected":false},"excerpt":{"rendered":"<p>Discuss\u00e3o reiterada no \u00e2mbito da justi\u00e7a do trabalho repousa nas alega\u00e7\u00f5es de responsabiliza\u00e7\u00e3o solid\u00e1ria das empresas pelo fato de haver s\u00f3cios em comum e coordena\u00e7\u00e3o entre as sociedades, sendo tal situa\u00e7\u00e3o considerada grupo econ\u00f4mico e enquadrada no art. 2\u00ba, \u00a7 2\u00ba da CLT. Contudo, em que pese este ser um argumento ainda muito utilizado para [&hellip;]<\/p>\n","protected":false},"author":1,"featured_media":11138,"comment_status":"open","ping_status":"open","sticky":false,"template":"","format":"standard","meta":{"inline_featured_image":false,"footnotes":""},"categories":[333],"tags":[1272,703,1563,1564,1565],"_segmentos":[],"class_list":["post-11128","post","type-post","status-publish","format-standard","has-post-thumbnail","hentry","category-empreendedorismo","tag-belo-horizonte","tag-grupo-ciatos","tag-inexistencia-de-grupo-economico","tag-responsabilidade-solidaria-descaracterizada","tag-socios-em-comum"],"yoast_head":"<!-- This site is optimized with the Yoast SEO plugin v26.4 - https:\/\/yoast.com\/wordpress\/plugins\/seo\/ -->\n<title>COORDENA\u00c7\u00c3O ENTRE EMPRESAS E IDENTIDADE DE S\u00d3CIOS, POR SI S\u00d3, N\u00c3O CARACTERIZAM GRUPO ECON\u00d4MICO - Grupo Ciatos<\/title>\n<meta name=\"robots\" content=\"index, follow, max-snippet:-1, max-image-preview:large, max-video-preview:-1\" \/>\n<link rel=\"canonical\" href=\"https:\/\/www.grupociatos.com.br\/?p=11128\" \/>\n<meta property=\"og:locale\" content=\"pt_BR\" \/>\n<meta property=\"og:type\" content=\"article\" \/>\n<meta property=\"og:title\" content=\"COORDENA\u00c7\u00c3O ENTRE EMPRESAS E IDENTIDADE DE S\u00d3CIOS, POR SI S\u00d3, N\u00c3O CARACTERIZAM GRUPO ECON\u00d4MICO - Grupo Ciatos\" \/>\n<meta property=\"og:description\" content=\"Discuss\u00e3o reiterada no \u00e2mbito da justi\u00e7a do trabalho repousa nas alega\u00e7\u00f5es de responsabiliza\u00e7\u00e3o solid\u00e1ria das empresas pelo fato de haver s\u00f3cios em comum e coordena\u00e7\u00e3o entre as sociedades, sendo tal situa\u00e7\u00e3o considerada grupo econ\u00f4mico e enquadrada no art. 2\u00ba, \u00a7 2\u00ba da CLT. Contudo, em que pese este ser um argumento ainda muito utilizado para [&hellip;]\" \/>\n<meta property=\"og:url\" content=\"https:\/\/www.grupociatos.com.br\/?p=11128\" \/>\n<meta property=\"og:site_name\" content=\"Grupo Ciatos\" \/>\n<meta property=\"article:published_time\" content=\"2019-10-01T13:42:34+00:00\" \/>\n<meta name=\"author\" content=\"Grupo Ciatos\" \/>\n<meta name=\"twitter:card\" content=\"summary_large_image\" \/>\n<meta name=\"twitter:label1\" content=\"Written by\" \/>\n\t<meta name=\"twitter:data1\" content=\"Grupo Ciatos\" \/>\n\t<meta name=\"twitter:label2\" content=\"Est. reading time\" \/>\n\t<meta name=\"twitter:data2\" content=\"3 minutos\" \/>\n<script type=\"application\/ld+json\" class=\"yoast-schema-graph\">{\"@context\":\"https:\/\/schema.org\",\"@graph\":[{\"@type\":\"WebPage\",\"@id\":\"https:\/\/www.grupociatos.com.br\/?p=11128\",\"url\":\"https:\/\/www.grupociatos.com.br\/?p=11128\",\"name\":\"COORDENA\u00c7\u00c3O ENTRE EMPRESAS E IDENTIDADE DE S\u00d3CIOS, POR SI S\u00d3, N\u00c3O CARACTERIZAM GRUPO ECON\u00d4MICO - Grupo Ciatos\",\"isPartOf\":{\"@id\":\"https:\/\/www.grupociatos.com.br\/#website\"},\"primaryImageOfPage\":{\"@id\":\"https:\/\/www.grupociatos.com.br\/?p=11128#primaryimage\"},\"image\":{\"@id\":\"https:\/\/www.grupociatos.com.br\/?p=11128#primaryimage\"},\"thumbnailUrl\":\"\",\"datePublished\":\"2019-10-01T13:42:34+00:00\",\"author\":{\"@id\":\"https:\/\/www.grupociatos.com.br\/#\/schema\/person\/c3d1c2165562e77b89deb88dec0b71c9\"},\"breadcrumb\":{\"@id\":\"https:\/\/www.grupociatos.com.br\/?p=11128#breadcrumb\"},\"inLanguage\":\"pt-BR\",\"potentialAction\":[{\"@type\":\"ReadAction\",\"target\":[\"https:\/\/www.grupociatos.com.br\/?p=11128\"]}]},{\"@type\":\"ImageObject\",\"inLanguage\":\"pt-BR\",\"@id\":\"https:\/\/www.grupociatos.com.br\/?p=11128#primaryimage\",\"url\":\"\",\"contentUrl\":\"\"},{\"@type\":\"BreadcrumbList\",\"@id\":\"https:\/\/www.grupociatos.com.br\/?p=11128#breadcrumb\",\"itemListElement\":[{\"@type\":\"ListItem\",\"position\":1,\"name\":\"Home\",\"item\":\"https:\/\/www.grupociatos.com.br\/\"},{\"@type\":\"ListItem\",\"position\":2,\"name\":\"COORDENA\u00c7\u00c3O ENTRE EMPRESAS E IDENTIDADE DE S\u00d3CIOS, POR SI S\u00d3, N\u00c3O CARACTERIZAM GRUPO ECON\u00d4MICO\"}]},{\"@type\":\"WebSite\",\"@id\":\"https:\/\/www.grupociatos.com.br\/#website\",\"url\":\"https:\/\/www.grupociatos.com.br\/\",\"name\":\"Grupo Ciatos\",\"description\":\"\",\"potentialAction\":[{\"@type\":\"SearchAction\",\"target\":{\"@type\":\"EntryPoint\",\"urlTemplate\":\"https:\/\/www.grupociatos.com.br\/?s={search_term_string}\"},\"query-input\":{\"@type\":\"PropertyValueSpecification\",\"valueRequired\":true,\"valueName\":\"search_term_string\"}}],\"inLanguage\":\"pt-BR\"},{\"@type\":\"Person\",\"@id\":\"https:\/\/www.grupociatos.com.br\/#\/schema\/person\/c3d1c2165562e77b89deb88dec0b71c9\",\"name\":\"Grupo Ciatos\",\"image\":{\"@type\":\"ImageObject\",\"inLanguage\":\"pt-BR\",\"@id\":\"https:\/\/www.grupociatos.com.br\/#\/schema\/person\/image\/\",\"url\":\"https:\/\/secure.gravatar.com\/avatar\/af80136d966725a0ae580ab51908e940da73c4073e4a1ab3919ae432f1ed6112?s=96&d=mm&r=g\",\"contentUrl\":\"https:\/\/secure.gravatar.com\/avatar\/af80136d966725a0ae580ab51908e940da73c4073e4a1ab3919ae432f1ed6112?s=96&d=mm&r=g\",\"caption\":\"Grupo Ciatos\"},\"sameAs\":[\"https:\/\/www.grupociatos.com.br\"],\"url\":\"https:\/\/www.grupociatos.com.br\/?author=1\"}]}<\/script>\n<!-- \/ Yoast SEO plugin. -->","yoast_head_json":{"title":"COORDENA\u00c7\u00c3O ENTRE EMPRESAS E IDENTIDADE DE S\u00d3CIOS, POR SI S\u00d3, N\u00c3O CARACTERIZAM GRUPO ECON\u00d4MICO - Grupo Ciatos","robots":{"index":"index","follow":"follow","max-snippet":"max-snippet:-1","max-image-preview":"max-image-preview:large","max-video-preview":"max-video-preview:-1"},"canonical":"https:\/\/www.grupociatos.com.br\/?p=11128","og_locale":"pt_BR","og_type":"article","og_title":"COORDENA\u00c7\u00c3O ENTRE EMPRESAS E IDENTIDADE DE S\u00d3CIOS, POR SI S\u00d3, N\u00c3O CARACTERIZAM GRUPO ECON\u00d4MICO - Grupo Ciatos","og_description":"Discuss\u00e3o reiterada no \u00e2mbito da justi\u00e7a do trabalho repousa nas alega\u00e7\u00f5es de responsabiliza\u00e7\u00e3o solid\u00e1ria das empresas pelo fato de haver s\u00f3cios em comum e coordena\u00e7\u00e3o entre as sociedades, sendo tal situa\u00e7\u00e3o considerada grupo econ\u00f4mico e enquadrada no art. 2\u00ba, \u00a7 2\u00ba da CLT. Contudo, em que pese este ser um argumento ainda muito utilizado para [&hellip;]","og_url":"https:\/\/www.grupociatos.com.br\/?p=11128","og_site_name":"Grupo Ciatos","article_published_time":"2019-10-01T13:42:34+00:00","author":"Grupo Ciatos","twitter_card":"summary_large_image","twitter_misc":{"Written by":"Grupo Ciatos","Est. reading time":"3 minutos"},"schema":{"@context":"https:\/\/schema.org","@graph":[{"@type":"WebPage","@id":"https:\/\/www.grupociatos.com.br\/?p=11128","url":"https:\/\/www.grupociatos.com.br\/?p=11128","name":"COORDENA\u00c7\u00c3O ENTRE EMPRESAS E IDENTIDADE DE S\u00d3CIOS, POR SI S\u00d3, N\u00c3O CARACTERIZAM GRUPO ECON\u00d4MICO - Grupo Ciatos","isPartOf":{"@id":"https:\/\/www.grupociatos.com.br\/#website"},"primaryImageOfPage":{"@id":"https:\/\/www.grupociatos.com.br\/?p=11128#primaryimage"},"image":{"@id":"https:\/\/www.grupociatos.com.br\/?p=11128#primaryimage"},"thumbnailUrl":"","datePublished":"2019-10-01T13:42:34+00:00","author":{"@id":"https:\/\/www.grupociatos.com.br\/#\/schema\/person\/c3d1c2165562e77b89deb88dec0b71c9"},"breadcrumb":{"@id":"https:\/\/www.grupociatos.com.br\/?p=11128#breadcrumb"},"inLanguage":"pt-BR","potentialAction":[{"@type":"ReadAction","target":["https:\/\/www.grupociatos.com.br\/?p=11128"]}]},{"@type":"ImageObject","inLanguage":"pt-BR","@id":"https:\/\/www.grupociatos.com.br\/?p=11128#primaryimage","url":"","contentUrl":""},{"@type":"BreadcrumbList","@id":"https:\/\/www.grupociatos.com.br\/?p=11128#breadcrumb","itemListElement":[{"@type":"ListItem","position":1,"name":"Home","item":"https:\/\/www.grupociatos.com.br\/"},{"@type":"ListItem","position":2,"name":"COORDENA\u00c7\u00c3O ENTRE EMPRESAS E IDENTIDADE DE S\u00d3CIOS, POR SI S\u00d3, N\u00c3O CARACTERIZAM GRUPO ECON\u00d4MICO"}]},{"@type":"WebSite","@id":"https:\/\/www.grupociatos.com.br\/#website","url":"https:\/\/www.grupociatos.com.br\/","name":"Grupo Ciatos","description":"","potentialAction":[{"@type":"SearchAction","target":{"@type":"EntryPoint","urlTemplate":"https:\/\/www.grupociatos.com.br\/?s={search_term_string}"},"query-input":{"@type":"PropertyValueSpecification","valueRequired":true,"valueName":"search_term_string"}}],"inLanguage":"pt-BR"},{"@type":"Person","@id":"https:\/\/www.grupociatos.com.br\/#\/schema\/person\/c3d1c2165562e77b89deb88dec0b71c9","name":"Grupo Ciatos","image":{"@type":"ImageObject","inLanguage":"pt-BR","@id":"https:\/\/www.grupociatos.com.br\/#\/schema\/person\/image\/","url":"https:\/\/secure.gravatar.com\/avatar\/af80136d966725a0ae580ab51908e940da73c4073e4a1ab3919ae432f1ed6112?s=96&d=mm&r=g","contentUrl":"https:\/\/secure.gravatar.com\/avatar\/af80136d966725a0ae580ab51908e940da73c4073e4a1ab3919ae432f1ed6112?s=96&d=mm&r=g","caption":"Grupo Ciatos"},"sameAs":["https:\/\/www.grupociatos.com.br"],"url":"https:\/\/www.grupociatos.com.br\/?author=1"}]}},"_links":{"self":[{"href":"https:\/\/www.grupociatos.com.br\/index.php?rest_route=\/wp\/v2\/posts\/11128","targetHints":{"allow":["GET"]}}],"collection":[{"href":"https:\/\/www.grupociatos.com.br\/index.php?rest_route=\/wp\/v2\/posts"}],"about":[{"href":"https:\/\/www.grupociatos.com.br\/index.php?rest_route=\/wp\/v2\/types\/post"}],"author":[{"embeddable":true,"href":"https:\/\/www.grupociatos.com.br\/index.php?rest_route=\/wp\/v2\/users\/1"}],"replies":[{"embeddable":true,"href":"https:\/\/www.grupociatos.com.br\/index.php?rest_route=%2Fwp%2Fv2%2Fcomments&post=11128"}],"version-history":[{"count":0,"href":"https:\/\/www.grupociatos.com.br\/index.php?rest_route=\/wp\/v2\/posts\/11128\/revisions"}],"wp:featuredmedia":[{"embeddable":true,"href":"https:\/\/www.grupociatos.com.br\/index.php?rest_route=\/"}],"wp:attachment":[{"href":"https:\/\/www.grupociatos.com.br\/index.php?rest_route=%2Fwp%2Fv2%2Fmedia&parent=11128"}],"wp:term":[{"taxonomy":"category","embeddable":true,"href":"https:\/\/www.grupociatos.com.br\/index.php?rest_route=%2Fwp%2Fv2%2Fcategories&post=11128"},{"taxonomy":"post_tag","embeddable":true,"href":"https:\/\/www.grupociatos.com.br\/index.php?rest_route=%2Fwp%2Fv2%2Ftags&post=11128"},{"taxonomy":"_segmentos","embeddable":true,"href":"https:\/\/www.grupociatos.com.br\/index.php?rest_route=%2Fwp%2Fv2%2F_segmentos&post=11128"}],"curies":[{"name":"wp","href":"https:\/\/api.w.org\/{rel}","templated":true}]}}