{"id":12600,"date":"2020-10-13T11:00:39","date_gmt":"2020-10-13T14:00:39","guid":{"rendered":"https:\/\/grupociatos.com.br\/?p=12600"},"modified":"2020-10-13T11:00:39","modified_gmt":"2020-10-13T14:00:39","slug":"covid-19-como-doenca-ocupacional-jbs-e-condenada-a-pagar-indenizacao-a-empregada","status":"publish","type":"post","link":"https:\/\/www.grupociatos.com.br\/?p=12600","title":{"rendered":"COVID-19 COMO DOEN\u00c7A OCUPACIONAL: JBS \u00c9 CONDENADA A PAGAR INDENIZA\u00c7\u00c3O \u00c0 EMPREGADA"},"content":{"rendered":"<p style=\"text-align: justify;\"><span style=\"font-family: 'book antiqua', palatino, serif; font-size: 14pt; color: #000000;\">Muito se discutiu sobre o tema de a Covid-19 ser considerada doen\u00e7a ocupacional sob a \u00f3tica do STF e diante da Medida Provis\u00f3ria 927.<\/span><\/p>\n<p style=\"text-align: justify;\"><span style=\"font-family: 'book antiqua', palatino, serif; font-size: 14pt; color: #000000;\">Tendo em vista o assunto ser muito recente, h\u00e1 poucos meses era discutido apenas no campo te\u00f3rico e das Medidas Provis\u00f3rias, com muitas idas e vindas de suspens\u00e3o de artigo da MP 927, interpreta\u00e7\u00e3o do STF, publica\u00e7\u00e3o de Portaria pelo Minist\u00e9rio da Sa\u00fade incluindo a Covid-19 como doen\u00e7a ocupacional e revoga\u00e7\u00e3o desta medida no dia seguinte.<\/span><\/p>\n<p style=\"text-align: justify;\"><span style=\"font-family: 'book antiqua', palatino, serif; font-size: 14pt; color: #000000;\">Todavia, em que pese esta confus\u00e3o, como era de se esperar, est\u00e3o surgindo agora as primeiras decis\u00f5es judiciais de casos concretos sobre o coronavirus ser considerado doen\u00e7a ocupacional ou n\u00e3o.<\/span><\/p>\n<p style=\"text-align: justify;\"><span style=\"font-family: 'book antiqua', palatino, serif; font-size: 14pt; color: #000000;\">Em decis\u00e3o do Tribunal Regional do Trabalho do Rio Grande do Sul, a empresa JBS foi condenada a indenizar uma empregada contaminada pelo coronavirus, no importe de R$20.000,00, uma vez que o ju\u00edzo local reconheceu a doen\u00e7a como ocupacional.<\/span><\/p>\n<p><span style=\"font-family: 'book antiqua', palatino, serif; font-size: 14pt; color: #000000;\"><strong>Quais os fundamentos da decis\u00e3o?<\/strong><\/span><\/p>\n<p style=\"text-align: justify;\"><span style=\"font-family: 'book antiqua', palatino, serif; font-size: 14pt; color: #000000;\">A empresa n\u00e3o provou ter tomado todas as medidas preventivas necess\u00e1rias, ou seja, n\u00e3o afastou a presun\u00e7\u00e3o de que a contamina\u00e7\u00e3o teria ocorrido no ambiente de trabalho.<\/span><\/p>\n<p style=\"text-align: justify;\"><span style=\"font-family: 'book antiqua', palatino, serif; font-size: 14pt; color: #000000;\">Outro ponto foi que a JBS mostrou resist\u00eancia aos apontamentos do Minist\u00e9rio P\u00fablico do Trabalho \u2013 MPT &#8211; acerca da necessidade de medidas de distanciamento e isolamento.<\/span><\/p>\n<p style=\"text-align: justify;\"><span style=\"font-family: 'book antiqua', palatino, serif; font-size: 14pt; color: #000000;\">Al\u00e9m do mais h\u00e1 um hist\u00f3rico de contamina\u00e7\u00e3o nos frigor\u00edficos, e a JBS \u00e9 alvo de A\u00e7\u00e3o Civil P\u00fablica interposta pelo Minist\u00e9rio P\u00fablico do Trabalho.<\/span><\/p>\n<p style=\"text-align: justify;\"><span style=\"font-family: 'book antiqua', palatino, serif; font-size: 14pt; color: #000000;\">Diante deste contexto houve o reconhecimento do nexo causal entre as atividades laborais da empregada e a contamina\u00e7\u00e3o pelo coronavirus, ocasionando na responsabilidade da empresa.<\/span><\/p>\n<p><span style=\"font-family: 'book antiqua', palatino, serif; font-size: 14pt; color: #000000;\"><strong>Esta decis\u00e3o criaria um precedente acerca do assunto?<\/strong><\/span><\/p>\n<p style=\"text-align: justify;\"><span style=\"font-family: 'book antiqua', palatino, serif; font-size: 14pt; color: #000000;\">Ressalta-se que se trata de uma decis\u00e3o de primeira inst\u00e2ncia, da qual cabe recurso. N\u00e3o h\u00e1 como desconsiderar a import\u00e2ncia desta decis\u00e3o, por\u00e9m entendemos que a afirma\u00e7\u00e3o de que criaria um precedente \u00e9 precipitada e prematura.<\/span><\/p>\n<p style=\"text-align: justify;\"><span style=\"font-family: 'book antiqua', palatino, serif; font-size: 14pt; color: #000000;\">Veja que o entendimento do ju\u00edzo do Rio Grande do Sul se baseou em um contexto f\u00e1tico e hist\u00f3rico da empresa. No caso concreto a JBS j\u00e1 respondia a uma A\u00e7\u00e3o Civil P\u00fablica; a atividade da empresa (frigor\u00edfico) por si s\u00f3 tem hist\u00f3rico de contamina\u00e7\u00f5es; a JBS resistiu a medidas de preven\u00e7\u00e3o e isolamento apontadas pelo MPT.<\/span><\/p>\n<p style=\"text-align: justify;\"><span style=\"font-family: 'book antiqua', palatino, serif; font-size: 14pt; color: #000000;\">Desta forma, clara est\u00e1 a necessidade de analisar cada caso concreto com suas particularidades. N\u00e3o se pode afirmar que todas as empresas ser\u00e3o responsabilizadas por contamina\u00e7\u00e3o de seus empregados pelo coronavirus.<\/span><\/p>\n<p style=\"text-align: justify;\"><span style=\"font-family: 'book antiqua', palatino, serif; font-size: 14pt; color: #000000;\">As empresas devem continuar adotando medidas preventivas, e organizando meios objetivos e concretos de comprovar a ado\u00e7\u00e3o de tais medidas, caso necess\u00e1rio, pois, em processos judiciais, principalmente na esfera trabalhista, n\u00e3o basta informar, tem que ter provas robustas.<\/span><\/p>\n<p><span style=\"font-family: 'book antiqua', palatino, serif; font-size: 14pt; color: #000000;\"><strong>Quais as repercuss\u00f5es em caso de ser reconhecida doen\u00e7a ocupacional? <\/strong><\/span><\/p>\n<p style=\"text-align: justify;\"><span style=\"font-family: 'book antiqua', palatino, serif; font-size: 14pt; color: #000000;\">O reconhecimento de doen\u00e7a ocupacional ensejar\u00e1, para a empregada que ficar mais de 15 dias afastada, o benef\u00edcio previdenci\u00e1rio do tipo acident\u00e1rio, como s\u00e3o chamados os relacionados ao trabalho.<\/span><\/p>\n<p style=\"text-align: justify;\"><span style=\"font-family: 'book antiqua', palatino, serif; font-size: 14pt; color: #000000;\">Este benef\u00edcio garantir\u00e1 \u00e0 empregada estabilidade de um ano no emprego e o recolhimento do Fundo de Garantia no per\u00edodo em que ficou afastada.<\/span><\/p>\n<p style=\"text-align: justify;\"><span style=\"font-family: 'book antiqua', palatino, serif; font-size: 14pt; color: #000000;\">O INSS tamb\u00e9m poder\u00e1 cobrar a JBS, por meio de uma a\u00e7\u00e3o regressiva, os valores que pagou para a trabalhadora afastada.<\/span><\/p>\n<p style=\"text-align: justify;\"><span style=\"font-family: 'book antiqua', palatino, serif; font-size: 14pt; color: #000000;\">Vamos acompanhar o desenvolvimento deste processo e de muitos outros relacionados ao tema para melhor orientarmos as empresas.<\/span><\/p>\n<p><strong>Quer conhecer um pouco mais sobre o <\/strong><strong>Grupo Ciatos?<\/strong><\/p>\n<p>Preencha o formul\u00e1rio abaixo que um dos Consultores\u00a0Ciatos\u00a0entrar\u00e1 em contato para agendar uma visita.<\/p>\n","protected":false},"excerpt":{"rendered":"<p>Muito se discutiu sobre o tema de a Covid-19 ser considerada doen\u00e7a ocupacional sob a \u00f3tica do STF e diante da Medida Provis\u00f3ria 927. Tendo em vista o assunto ser muito recente, h\u00e1 poucos meses era discutido apenas no campo te\u00f3rico e das Medidas Provis\u00f3rias, com muitas idas e vindas de suspens\u00e3o de artigo da [&hellip;]<\/p>\n","protected":false},"author":1,"featured_media":12604,"comment_status":"open","ping_status":"open","sticky":false,"template":"","format":"standard","meta":{"inline_featured_image":false,"footnotes":""},"categories":[266],"tags":[1696,1823,1824],"_segmentos":[],"class_list":["post-12600","post","type-post","status-publish","format-standard","has-post-thumbnail","hentry","category-juridico","tag-covid-19","tag-covid-19-ser-considerada-doenca-ocupacional","tag-medidas-provisorias"],"yoast_head":"<!-- This site is optimized with the Yoast SEO plugin v26.4 - https:\/\/yoast.com\/wordpress\/plugins\/seo\/ -->\n<title>COVID-19 COMO DOEN\u00c7A OCUPACIONAL: JBS \u00c9 CONDENADA A PAGAR INDENIZA\u00c7\u00c3O \u00c0 EMPREGADA - Grupo Ciatos<\/title>\n<meta name=\"robots\" content=\"index, follow, max-snippet:-1, max-image-preview:large, max-video-preview:-1\" \/>\n<link rel=\"canonical\" href=\"https:\/\/www.grupociatos.com.br\/?p=12600\" \/>\n<meta property=\"og:locale\" content=\"pt_BR\" \/>\n<meta property=\"og:type\" content=\"article\" \/>\n<meta property=\"og:title\" content=\"COVID-19 COMO DOEN\u00c7A OCUPACIONAL: JBS \u00c9 CONDENADA A PAGAR INDENIZA\u00c7\u00c3O \u00c0 EMPREGADA - Grupo Ciatos\" \/>\n<meta property=\"og:description\" content=\"Muito se discutiu sobre o tema de a Covid-19 ser considerada doen\u00e7a ocupacional sob a \u00f3tica do STF e diante da Medida Provis\u00f3ria 927. Tendo em vista o assunto ser muito recente, h\u00e1 poucos meses era discutido apenas no campo te\u00f3rico e das Medidas Provis\u00f3rias, com muitas idas e vindas de suspens\u00e3o de artigo da [&hellip;]\" \/>\n<meta property=\"og:url\" content=\"https:\/\/www.grupociatos.com.br\/?p=12600\" \/>\n<meta property=\"og:site_name\" content=\"Grupo Ciatos\" \/>\n<meta property=\"article:published_time\" content=\"2020-10-13T14:00:39+00:00\" \/>\n<meta name=\"author\" content=\"Grupo Ciatos\" \/>\n<meta name=\"twitter:card\" content=\"summary_large_image\" \/>\n<meta name=\"twitter:label1\" content=\"Written by\" \/>\n\t<meta name=\"twitter:data1\" content=\"Grupo Ciatos\" \/>\n\t<meta name=\"twitter:label2\" content=\"Est. reading time\" \/>\n\t<meta name=\"twitter:data2\" content=\"3 minutos\" \/>\n<script type=\"application\/ld+json\" class=\"yoast-schema-graph\">{\"@context\":\"https:\/\/schema.org\",\"@graph\":[{\"@type\":\"WebPage\",\"@id\":\"https:\/\/www.grupociatos.com.br\/?p=12600\",\"url\":\"https:\/\/www.grupociatos.com.br\/?p=12600\",\"name\":\"COVID-19 COMO DOEN\u00c7A OCUPACIONAL: JBS \u00c9 CONDENADA A PAGAR INDENIZA\u00c7\u00c3O \u00c0 EMPREGADA - Grupo Ciatos\",\"isPartOf\":{\"@id\":\"https:\/\/www.grupociatos.com.br\/#website\"},\"primaryImageOfPage\":{\"@id\":\"https:\/\/www.grupociatos.com.br\/?p=12600#primaryimage\"},\"image\":{\"@id\":\"https:\/\/www.grupociatos.com.br\/?p=12600#primaryimage\"},\"thumbnailUrl\":\"\",\"datePublished\":\"2020-10-13T14:00:39+00:00\",\"author\":{\"@id\":\"https:\/\/www.grupociatos.com.br\/#\/schema\/person\/c3d1c2165562e77b89deb88dec0b71c9\"},\"breadcrumb\":{\"@id\":\"https:\/\/www.grupociatos.com.br\/?p=12600#breadcrumb\"},\"inLanguage\":\"pt-BR\",\"potentialAction\":[{\"@type\":\"ReadAction\",\"target\":[\"https:\/\/www.grupociatos.com.br\/?p=12600\"]}]},{\"@type\":\"ImageObject\",\"inLanguage\":\"pt-BR\",\"@id\":\"https:\/\/www.grupociatos.com.br\/?p=12600#primaryimage\",\"url\":\"\",\"contentUrl\":\"\"},{\"@type\":\"BreadcrumbList\",\"@id\":\"https:\/\/www.grupociatos.com.br\/?p=12600#breadcrumb\",\"itemListElement\":[{\"@type\":\"ListItem\",\"position\":1,\"name\":\"Home\",\"item\":\"https:\/\/www.grupociatos.com.br\/\"},{\"@type\":\"ListItem\",\"position\":2,\"name\":\"COVID-19 COMO DOEN\u00c7A OCUPACIONAL: JBS \u00c9 CONDENADA A PAGAR INDENIZA\u00c7\u00c3O \u00c0 EMPREGADA\"}]},{\"@type\":\"WebSite\",\"@id\":\"https:\/\/www.grupociatos.com.br\/#website\",\"url\":\"https:\/\/www.grupociatos.com.br\/\",\"name\":\"Grupo Ciatos\",\"description\":\"\",\"potentialAction\":[{\"@type\":\"SearchAction\",\"target\":{\"@type\":\"EntryPoint\",\"urlTemplate\":\"https:\/\/www.grupociatos.com.br\/?s={search_term_string}\"},\"query-input\":{\"@type\":\"PropertyValueSpecification\",\"valueRequired\":true,\"valueName\":\"search_term_string\"}}],\"inLanguage\":\"pt-BR\"},{\"@type\":\"Person\",\"@id\":\"https:\/\/www.grupociatos.com.br\/#\/schema\/person\/c3d1c2165562e77b89deb88dec0b71c9\",\"name\":\"Grupo Ciatos\",\"image\":{\"@type\":\"ImageObject\",\"inLanguage\":\"pt-BR\",\"@id\":\"https:\/\/www.grupociatos.com.br\/#\/schema\/person\/image\/\",\"url\":\"https:\/\/secure.gravatar.com\/avatar\/af80136d966725a0ae580ab51908e940da73c4073e4a1ab3919ae432f1ed6112?s=96&d=mm&r=g\",\"contentUrl\":\"https:\/\/secure.gravatar.com\/avatar\/af80136d966725a0ae580ab51908e940da73c4073e4a1ab3919ae432f1ed6112?s=96&d=mm&r=g\",\"caption\":\"Grupo Ciatos\"},\"sameAs\":[\"https:\/\/www.grupociatos.com.br\"],\"url\":\"https:\/\/www.grupociatos.com.br\/?author=1\"}]}<\/script>\n<!-- \/ Yoast SEO plugin. -->","yoast_head_json":{"title":"COVID-19 COMO DOEN\u00c7A OCUPACIONAL: JBS \u00c9 CONDENADA A PAGAR INDENIZA\u00c7\u00c3O \u00c0 EMPREGADA - Grupo Ciatos","robots":{"index":"index","follow":"follow","max-snippet":"max-snippet:-1","max-image-preview":"max-image-preview:large","max-video-preview":"max-video-preview:-1"},"canonical":"https:\/\/www.grupociatos.com.br\/?p=12600","og_locale":"pt_BR","og_type":"article","og_title":"COVID-19 COMO DOEN\u00c7A OCUPACIONAL: JBS \u00c9 CONDENADA A PAGAR INDENIZA\u00c7\u00c3O \u00c0 EMPREGADA - Grupo Ciatos","og_description":"Muito se discutiu sobre o tema de a Covid-19 ser considerada doen\u00e7a ocupacional sob a \u00f3tica do STF e diante da Medida Provis\u00f3ria 927. Tendo em vista o assunto ser muito recente, h\u00e1 poucos meses era discutido apenas no campo te\u00f3rico e das Medidas Provis\u00f3rias, com muitas idas e vindas de suspens\u00e3o de artigo da [&hellip;]","og_url":"https:\/\/www.grupociatos.com.br\/?p=12600","og_site_name":"Grupo Ciatos","article_published_time":"2020-10-13T14:00:39+00:00","author":"Grupo Ciatos","twitter_card":"summary_large_image","twitter_misc":{"Written by":"Grupo Ciatos","Est. reading time":"3 minutos"},"schema":{"@context":"https:\/\/schema.org","@graph":[{"@type":"WebPage","@id":"https:\/\/www.grupociatos.com.br\/?p=12600","url":"https:\/\/www.grupociatos.com.br\/?p=12600","name":"COVID-19 COMO DOEN\u00c7A OCUPACIONAL: JBS \u00c9 CONDENADA A PAGAR INDENIZA\u00c7\u00c3O \u00c0 EMPREGADA - Grupo Ciatos","isPartOf":{"@id":"https:\/\/www.grupociatos.com.br\/#website"},"primaryImageOfPage":{"@id":"https:\/\/www.grupociatos.com.br\/?p=12600#primaryimage"},"image":{"@id":"https:\/\/www.grupociatos.com.br\/?p=12600#primaryimage"},"thumbnailUrl":"","datePublished":"2020-10-13T14:00:39+00:00","author":{"@id":"https:\/\/www.grupociatos.com.br\/#\/schema\/person\/c3d1c2165562e77b89deb88dec0b71c9"},"breadcrumb":{"@id":"https:\/\/www.grupociatos.com.br\/?p=12600#breadcrumb"},"inLanguage":"pt-BR","potentialAction":[{"@type":"ReadAction","target":["https:\/\/www.grupociatos.com.br\/?p=12600"]}]},{"@type":"ImageObject","inLanguage":"pt-BR","@id":"https:\/\/www.grupociatos.com.br\/?p=12600#primaryimage","url":"","contentUrl":""},{"@type":"BreadcrumbList","@id":"https:\/\/www.grupociatos.com.br\/?p=12600#breadcrumb","itemListElement":[{"@type":"ListItem","position":1,"name":"Home","item":"https:\/\/www.grupociatos.com.br\/"},{"@type":"ListItem","position":2,"name":"COVID-19 COMO DOEN\u00c7A OCUPACIONAL: JBS \u00c9 CONDENADA A PAGAR INDENIZA\u00c7\u00c3O \u00c0 EMPREGADA"}]},{"@type":"WebSite","@id":"https:\/\/www.grupociatos.com.br\/#website","url":"https:\/\/www.grupociatos.com.br\/","name":"Grupo Ciatos","description":"","potentialAction":[{"@type":"SearchAction","target":{"@type":"EntryPoint","urlTemplate":"https:\/\/www.grupociatos.com.br\/?s={search_term_string}"},"query-input":{"@type":"PropertyValueSpecification","valueRequired":true,"valueName":"search_term_string"}}],"inLanguage":"pt-BR"},{"@type":"Person","@id":"https:\/\/www.grupociatos.com.br\/#\/schema\/person\/c3d1c2165562e77b89deb88dec0b71c9","name":"Grupo Ciatos","image":{"@type":"ImageObject","inLanguage":"pt-BR","@id":"https:\/\/www.grupociatos.com.br\/#\/schema\/person\/image\/","url":"https:\/\/secure.gravatar.com\/avatar\/af80136d966725a0ae580ab51908e940da73c4073e4a1ab3919ae432f1ed6112?s=96&d=mm&r=g","contentUrl":"https:\/\/secure.gravatar.com\/avatar\/af80136d966725a0ae580ab51908e940da73c4073e4a1ab3919ae432f1ed6112?s=96&d=mm&r=g","caption":"Grupo Ciatos"},"sameAs":["https:\/\/www.grupociatos.com.br"],"url":"https:\/\/www.grupociatos.com.br\/?author=1"}]}},"_links":{"self":[{"href":"https:\/\/www.grupociatos.com.br\/index.php?rest_route=\/wp\/v2\/posts\/12600","targetHints":{"allow":["GET"]}}],"collection":[{"href":"https:\/\/www.grupociatos.com.br\/index.php?rest_route=\/wp\/v2\/posts"}],"about":[{"href":"https:\/\/www.grupociatos.com.br\/index.php?rest_route=\/wp\/v2\/types\/post"}],"author":[{"embeddable":true,"href":"https:\/\/www.grupociatos.com.br\/index.php?rest_route=\/wp\/v2\/users\/1"}],"replies":[{"embeddable":true,"href":"https:\/\/www.grupociatos.com.br\/index.php?rest_route=%2Fwp%2Fv2%2Fcomments&post=12600"}],"version-history":[{"count":0,"href":"https:\/\/www.grupociatos.com.br\/index.php?rest_route=\/wp\/v2\/posts\/12600\/revisions"}],"wp:featuredmedia":[{"embeddable":true,"href":"https:\/\/www.grupociatos.com.br\/index.php?rest_route=\/"}],"wp:attachment":[{"href":"https:\/\/www.grupociatos.com.br\/index.php?rest_route=%2Fwp%2Fv2%2Fmedia&parent=12600"}],"wp:term":[{"taxonomy":"category","embeddable":true,"href":"https:\/\/www.grupociatos.com.br\/index.php?rest_route=%2Fwp%2Fv2%2Fcategories&post=12600"},{"taxonomy":"post_tag","embeddable":true,"href":"https:\/\/www.grupociatos.com.br\/index.php?rest_route=%2Fwp%2Fv2%2Ftags&post=12600"},{"taxonomy":"_segmentos","embeddable":true,"href":"https:\/\/www.grupociatos.com.br\/index.php?rest_route=%2Fwp%2Fv2%2F_segmentos&post=12600"}],"curies":[{"name":"wp","href":"https:\/\/api.w.org\/{rel}","templated":true}]}}