{"id":13425,"date":"2021-03-18T16:49:24","date_gmt":"2021-03-18T19:49:24","guid":{"rendered":"https:\/\/blog.grupociatos.com.br\/?p=13425"},"modified":"2021-03-18T16:49:24","modified_gmt":"2021-03-18T19:49:24","slug":"do-registro-e-utilizacao-da-marca","status":"publish","type":"post","link":"https:\/\/www.grupociatos.com.br\/?p=13425","title":{"rendered":"DO REGISTRO E UTILIZA\u00c7\u00c3O DA MARCA"},"content":{"rendered":"\n<p>Diante a cria\u00e7\u00e3o di\u00e1ria de novas empresas de diversos ramos com sinais distintivos para se identificar, o registro de marcas torna-se elemento essencial para qualquer empreendedor que deseja se destacar e se proteger contra o uso indevido por terceiros.<\/p>\n\n\n\n<p>A marca pode ser conferida para um produto ou servi\u00e7o, desde que tenha poder de distingui-lo de forma visual de outros semelhantes ou afins. Contudo, algumas d\u00favidas surgem sobre quem pode registrar e utilizar de uma marca.<\/p>\n\n\n\n<p>Conforme o artigo 128 da Lei n\u00ba 9.279\/1996 (Lei de Propriedade Intelectual), podem requerer registro de marca as pessoas f\u00edsicas ou jur\u00eddicas de direito p\u00fablico ou de direito privado que possuam sinais distintivos visualmente percept\u00edveis, n\u00e3o compreendidos nas proibi\u00e7\u00f5es legais.<\/p>\n\n\n\n<p>\u00c9 importante ressaltar que as pessoas de direito privado s\u00f3 podem requerer registro de marca relativo \u00e0 atividade exercida efetiva e licitamente, de modo direto ou atrav\u00e9s de empresas que controlem direta ou indiretamente, declarando, no pr\u00f3prio requerimento, esta condi\u00e7\u00e3o.<\/p>\n\n\n\n<p>O registro de marca expedido de forma v\u00e1lida garante a propriedade da marca, sendo assegurado ao titular seu uso exclusivo em todo o territ\u00f3rio nacional e lhe conferindo os direitos de cess\u00e3o, licen\u00e7a e zelo pela sua integridade material ou reputa\u00e7\u00e3o.<\/p>\n\n\n\n<p>Nesse ponto ressalta-se a possibilidade ao direito de preced\u00eancia ao registro, conferida pela legisla\u00e7\u00e3o, atrav\u00e9s do art. 129, \u00a71\u00ba da Lei de Propriedade Intelectual:<\/p>\n\n\n\n<blockquote class=\"wp-block-quote is-layout-flow wp-block-quote-is-layout-flow\"><p>Art. 129. A propriedade da marca adquire-se pelo registro validamente expedido, conforme as disposi\u00e7\u00f5es desta Lei, sendo assegurado ao titular seu uso exclusivo em todo o territ\u00f3rio nacional, observado quanto \u00e0s marcas coletivas e de certifica\u00e7\u00e3o o disposto nos arts. 147 e 148.<\/p><\/blockquote>\n\n\n\n<blockquote class=\"wp-block-quote is-layout-flow wp-block-quote-is-layout-flow\"><p>\u00a7 1\u00ba Toda pessoa que, de boa f\u00e9, na data da prioridade ou dep\u00f3sito, usava no Pa\u00eds, h\u00e1 pelo menos 6 (seis) meses, marca id\u00eantica ou semelhante, para distinguir ou certificar produto ou servi\u00e7o id\u00eantico, semelhante ou afim, ter\u00e1 direito de preced\u00eancia ao registro.<\/p><\/blockquote>\n\n\n\n<p>Isto \u00e9, a pessoa de boa f\u00e9 que utilizava h\u00e1 pelo menos seis meses de uma marca id\u00eantica ou semelhante \u00e0 uma requerida para registro, pode reivindicar o direito de preced\u00eancia ao registro.<\/p>\n\n\n\n<p>O Manual de Marcas divulgado pelo INPI, \u00f3rg\u00e3o respons\u00e1vel pelo registro, esclarece que ser\u00e3o considerados usu\u00e1rios anteriores de boa-f\u00e9 apenas aqueles que nunca pleitearam o sinal em disputa, ainda que a oposi\u00e7\u00e3o tenha sido acompanhada de documenta\u00e7\u00e3o comprovat\u00f3ria de uso anterior.&nbsp;&nbsp;<\/p>\n\n\n\n<p>Em casos como este, pode-se pleitear judicialmente o direito \u00e0 preced\u00eancia ao registro caso haja negativa pelo INPI. Vale lembrar que o STJ&nbsp;&nbsp;j\u00e1 adotou posicionamento de que o direito de preced\u00eancia pode ser fundamento para a nulidade de registro de marca, ainda que n\u00e3o tenha havido impugna\u00e7\u00e3o durante o processo de registro junto ao INPI, enquanto o posicionamento administrativo do INPI \u00e9 de que o direito de preced\u00eancia somente \u00e9 considerado se argumentado em sede de oposi\u00e7\u00e3o.<\/p>\n\n\n\n<blockquote class=\"wp-block-quote is-layout-flow wp-block-quote-is-layout-flow\"><p>PROPRIEDADE INDUSTRIAL. RECURSO ESPECIAL. EMBARGOS DE DECLARA\u00c7\u00c3O. OMISS\u00c3O. N\u00c3O OCORR\u00caNCIA. A\u00c7\u00c3O ANULAT\u00d3RIA DE REGISTROS. CONFLITO ENTRE NOME EMPRESARIAL E MARCA. INSUFICI\u00caNCIA DO CRIT\u00c9RIO DE ANTERIORIDADE. APLICA\u00c7\u00c3O DO PRINC\u00cdPIO DA TERRITORIALIDADE. ART. 124, V, DA LEI 9.279\/96. DIREITO DE PRECED\u00caNCIA AO REGISTRO. POSSIBILIDADE DE EXERC\u00cdCIO NA VIA JUDICIAL. CIRCUNST\u00c2NCIAS ESPEC\u00cdFICAS DO CONFLITO QUE, TODAVIA, RESULTAM NA MANUTEN\u00c7\u00c3O DO AC\u00d3RD\u00c3O RECORRIDO POR FUNDAMENTO DIVERSO. COTEJO ANAL\u00cdTICO. N\u00c3O REALIZADO. SIMILITUDE F\u00c1TICA. AUS\u00caNCIA.<\/p><\/blockquote>\n\n\n\n<blockquote class=\"wp-block-quote is-layout-flow wp-block-quote-is-layout-flow\"><p>(&#8230;)<\/p><\/blockquote>\n\n\n\n<blockquote class=\"wp-block-quote is-layout-flow wp-block-quote-is-layout-flow\"><p>5- Para aferi\u00e7\u00e3o de eventual colid\u00eancia entre nome empresarial e marca e incid\u00eancia da proibi\u00e7\u00e3o legal contida no art. 124, V, da Lei 9.279\/96, n\u00e3o se pode restringir-se \u00e0 an\u00e1lise do crit\u00e9rio de anterioridade, mas deve tamb\u00e9m se levar em considera\u00e7\u00e3o os princ\u00edpios da especialidade e da territorialidade. Precedentes.<\/p><\/blockquote>\n\n\n\n<blockquote class=\"wp-block-quote is-layout-flow wp-block-quote-is-layout-flow\"><p>6- \u00c9 poss\u00edvel o reconhecimento judicial da nulidade do registro de marca com fundamento em direito de preced\u00eancia (art. 129, \u00a71\u00ba, da Lei 9.279\/1996), que deve, todavia, ser sistematicamente interpretado \u00e0 luz da proibi\u00e7\u00e3o legal contida no art. 124, XIX, do mesmo diploma.<\/p><\/blockquote>\n\n\n\n<blockquote class=\"wp-block-quote is-layout-flow wp-block-quote-is-layout-flow\"><p>(&#8230;)<\/p><\/blockquote>\n\n\n\n<blockquote class=\"wp-block-quote is-layout-flow wp-block-quote-is-layout-flow\"><p>9- Recurso especial parcialmente conhecido e, nessa parte, desprovido.<\/p><\/blockquote>\n\n\n\n<blockquote class=\"wp-block-quote is-layout-flow wp-block-quote-is-layout-flow\"><p>(REsp 1673450\/RJ, Rel. Ministra NANCY ANDRIGHI, TERCEIRA TURMA, julgado em 19\/09\/2017, DJe 26\/09\/2017)<\/p><\/blockquote>\n\n\n\n<p>Por fim, conforme art. 133 da referida lei, o registro da marca vigorar\u00e1 pelo prazo de 10 (dez) anos, contados da data da concess\u00e3o do registro, prorrog\u00e1vel por per\u00edodos iguais e sucessivos, com requerimento a ser formulado durante o \u00faltimo ano de vig\u00eancia do registro, instru\u00eddo com o comprovante do pagamento da respectiva retribui\u00e7\u00e3o.<\/p>\n\n\n\n<p>Portanto, \u00e9 medida important\u00edssima ao empreendedor que, antes mesmo de iniciar suas atividades, adote as provid\u00eancias necess\u00e1rias para proteger o s\u00edmbolo que vai distinguir sua empresa ou servi\u00e7os de todos os demais e gozar de sua cria\u00e7\u00e3o intelectual.<\/p>\n\n\n\n<p><strong>Quer conhecer um pouco mais sobre o <\/strong><strong>Grupo Ciatos?<\/strong><\/p>\n\n\n\n<p>Preencha o formul\u00e1rio abaixo que um dos Consultores&nbsp;Ciatos&nbsp;entrar\u00e1 em contato para agendar uma visita.&nbsp;<\/p>\n","protected":false},"excerpt":{"rendered":"<p>Diante a cria\u00e7\u00e3o di\u00e1ria de novas empresas de diversos ramos com sinais distintivos para se identificar, o registro de marcas torna-se elemento essencial para qualquer empreendedor que deseja se destacar e se proteger contra o uso indevido por terceiros. A marca pode ser conferida para um produto ou servi\u00e7o, desde que tenha poder de distingui-lo [&hellip;]<\/p>\n","protected":false},"author":1,"featured_media":13428,"comment_status":"open","ping_status":"open","sticky":false,"template":"","format":"standard","meta":{"inline_featured_image":false,"footnotes":""},"categories":[333],"tags":[1963,1964,1965],"_segmentos":[],"class_list":["post-13425","post","type-post","status-publish","format-standard","has-post-thumbnail","hentry","category-empreendedorismo","tag-criacao-de-novas-empresas","tag-empreendedor","tag-marca-pode-ser-conferida-para-um-produto-ou-servico"],"yoast_head":"<!-- This site is optimized with the Yoast SEO plugin v26.4 - https:\/\/yoast.com\/wordpress\/plugins\/seo\/ -->\n<title>DO REGISTRO E UTILIZA\u00c7\u00c3O DA MARCA - Grupo Ciatos<\/title>\n<meta name=\"robots\" content=\"index, follow, max-snippet:-1, max-image-preview:large, max-video-preview:-1\" \/>\n<link rel=\"canonical\" href=\"https:\/\/www.grupociatos.com.br\/?p=13425\" \/>\n<meta property=\"og:locale\" content=\"pt_BR\" \/>\n<meta property=\"og:type\" content=\"article\" \/>\n<meta property=\"og:title\" content=\"DO REGISTRO E UTILIZA\u00c7\u00c3O DA MARCA - Grupo Ciatos\" \/>\n<meta property=\"og:description\" content=\"Diante a cria\u00e7\u00e3o di\u00e1ria de novas empresas de diversos ramos com sinais distintivos para se identificar, o registro de marcas torna-se elemento essencial para qualquer empreendedor que deseja se destacar e se proteger contra o uso indevido por terceiros. A marca pode ser conferida para um produto ou servi\u00e7o, desde que tenha poder de distingui-lo [&hellip;]\" \/>\n<meta property=\"og:url\" content=\"https:\/\/www.grupociatos.com.br\/?p=13425\" \/>\n<meta property=\"og:site_name\" content=\"Grupo Ciatos\" \/>\n<meta property=\"article:published_time\" content=\"2021-03-18T19:49:24+00:00\" \/>\n<meta property=\"og:image\" content=\"https:\/\/www.grupociatos.com.br\/wp-content\/uploads\/2021\/03\/entenda-agora-o-que-e-registro-de-marca-e-por-que-e-importante.jpeg\" \/>\n\t<meta property=\"og:image:width\" content=\"1600\" \/>\n\t<meta property=\"og:image:height\" content=\"1066\" \/>\n\t<meta property=\"og:image:type\" content=\"image\/jpeg\" \/>\n<meta name=\"author\" content=\"Grupo Ciatos\" \/>\n<meta name=\"twitter:card\" content=\"summary_large_image\" \/>\n<meta name=\"twitter:label1\" content=\"Written by\" \/>\n\t<meta name=\"twitter:data1\" content=\"Grupo Ciatos\" \/>\n\t<meta name=\"twitter:label2\" content=\"Est. reading time\" \/>\n\t<meta name=\"twitter:data2\" content=\"4 minutos\" \/>\n<script type=\"application\/ld+json\" class=\"yoast-schema-graph\">{\"@context\":\"https:\/\/schema.org\",\"@graph\":[{\"@type\":\"WebPage\",\"@id\":\"https:\/\/www.grupociatos.com.br\/?p=13425\",\"url\":\"https:\/\/www.grupociatos.com.br\/?p=13425\",\"name\":\"DO REGISTRO E UTILIZA\u00c7\u00c3O DA MARCA - Grupo Ciatos\",\"isPartOf\":{\"@id\":\"https:\/\/www.grupociatos.com.br\/#website\"},\"primaryImageOfPage\":{\"@id\":\"https:\/\/www.grupociatos.com.br\/?p=13425#primaryimage\"},\"image\":{\"@id\":\"https:\/\/www.grupociatos.com.br\/?p=13425#primaryimage\"},\"thumbnailUrl\":\"https:\/\/www.grupociatos.com.br\/wp-content\/uploads\/2021\/03\/entenda-agora-o-que-e-registro-de-marca-e-por-que-e-importante.jpeg\",\"datePublished\":\"2021-03-18T19:49:24+00:00\",\"author\":{\"@id\":\"https:\/\/www.grupociatos.com.br\/#\/schema\/person\/c3d1c2165562e77b89deb88dec0b71c9\"},\"breadcrumb\":{\"@id\":\"https:\/\/www.grupociatos.com.br\/?p=13425#breadcrumb\"},\"inLanguage\":\"pt-BR\",\"potentialAction\":[{\"@type\":\"ReadAction\",\"target\":[\"https:\/\/www.grupociatos.com.br\/?p=13425\"]}]},{\"@type\":\"ImageObject\",\"inLanguage\":\"pt-BR\",\"@id\":\"https:\/\/www.grupociatos.com.br\/?p=13425#primaryimage\",\"url\":\"https:\/\/www.grupociatos.com.br\/wp-content\/uploads\/2021\/03\/entenda-agora-o-que-e-registro-de-marca-e-por-que-e-importante.jpeg\",\"contentUrl\":\"https:\/\/www.grupociatos.com.br\/wp-content\/uploads\/2021\/03\/entenda-agora-o-que-e-registro-de-marca-e-por-que-e-importante.jpeg\",\"width\":1600,\"height\":1066},{\"@type\":\"BreadcrumbList\",\"@id\":\"https:\/\/www.grupociatos.com.br\/?p=13425#breadcrumb\",\"itemListElement\":[{\"@type\":\"ListItem\",\"position\":1,\"name\":\"Home\",\"item\":\"https:\/\/www.grupociatos.com.br\/\"},{\"@type\":\"ListItem\",\"position\":2,\"name\":\"DO REGISTRO E UTILIZA\u00c7\u00c3O DA MARCA\"}]},{\"@type\":\"WebSite\",\"@id\":\"https:\/\/www.grupociatos.com.br\/#website\",\"url\":\"https:\/\/www.grupociatos.com.br\/\",\"name\":\"Grupo Ciatos\",\"description\":\"\",\"potentialAction\":[{\"@type\":\"SearchAction\",\"target\":{\"@type\":\"EntryPoint\",\"urlTemplate\":\"https:\/\/www.grupociatos.com.br\/?s={search_term_string}\"},\"query-input\":{\"@type\":\"PropertyValueSpecification\",\"valueRequired\":true,\"valueName\":\"search_term_string\"}}],\"inLanguage\":\"pt-BR\"},{\"@type\":\"Person\",\"@id\":\"https:\/\/www.grupociatos.com.br\/#\/schema\/person\/c3d1c2165562e77b89deb88dec0b71c9\",\"name\":\"Grupo Ciatos\",\"image\":{\"@type\":\"ImageObject\",\"inLanguage\":\"pt-BR\",\"@id\":\"https:\/\/www.grupociatos.com.br\/#\/schema\/person\/image\/\",\"url\":\"https:\/\/secure.gravatar.com\/avatar\/af80136d966725a0ae580ab51908e940da73c4073e4a1ab3919ae432f1ed6112?s=96&d=mm&r=g\",\"contentUrl\":\"https:\/\/secure.gravatar.com\/avatar\/af80136d966725a0ae580ab51908e940da73c4073e4a1ab3919ae432f1ed6112?s=96&d=mm&r=g\",\"caption\":\"Grupo Ciatos\"},\"sameAs\":[\"https:\/\/www.grupociatos.com.br\"],\"url\":\"https:\/\/www.grupociatos.com.br\/?author=1\"}]}<\/script>\n<!-- \/ Yoast SEO plugin. -->","yoast_head_json":{"title":"DO REGISTRO E UTILIZA\u00c7\u00c3O DA MARCA - Grupo Ciatos","robots":{"index":"index","follow":"follow","max-snippet":"max-snippet:-1","max-image-preview":"max-image-preview:large","max-video-preview":"max-video-preview:-1"},"canonical":"https:\/\/www.grupociatos.com.br\/?p=13425","og_locale":"pt_BR","og_type":"article","og_title":"DO REGISTRO E UTILIZA\u00c7\u00c3O DA MARCA - Grupo Ciatos","og_description":"Diante a cria\u00e7\u00e3o di\u00e1ria de novas empresas de diversos ramos com sinais distintivos para se identificar, o registro de marcas torna-se elemento essencial para qualquer empreendedor que deseja se destacar e se proteger contra o uso indevido por terceiros. A marca pode ser conferida para um produto ou servi\u00e7o, desde que tenha poder de distingui-lo [&hellip;]","og_url":"https:\/\/www.grupociatos.com.br\/?p=13425","og_site_name":"Grupo Ciatos","article_published_time":"2021-03-18T19:49:24+00:00","og_image":[{"width":1600,"height":1066,"url":"https:\/\/www.grupociatos.com.br\/wp-content\/uploads\/2021\/03\/entenda-agora-o-que-e-registro-de-marca-e-por-que-e-importante.jpeg","type":"image\/jpeg"}],"author":"Grupo Ciatos","twitter_card":"summary_large_image","twitter_misc":{"Written by":"Grupo Ciatos","Est. reading time":"4 minutos"},"schema":{"@context":"https:\/\/schema.org","@graph":[{"@type":"WebPage","@id":"https:\/\/www.grupociatos.com.br\/?p=13425","url":"https:\/\/www.grupociatos.com.br\/?p=13425","name":"DO REGISTRO E UTILIZA\u00c7\u00c3O DA MARCA - Grupo Ciatos","isPartOf":{"@id":"https:\/\/www.grupociatos.com.br\/#website"},"primaryImageOfPage":{"@id":"https:\/\/www.grupociatos.com.br\/?p=13425#primaryimage"},"image":{"@id":"https:\/\/www.grupociatos.com.br\/?p=13425#primaryimage"},"thumbnailUrl":"https:\/\/www.grupociatos.com.br\/wp-content\/uploads\/2021\/03\/entenda-agora-o-que-e-registro-de-marca-e-por-que-e-importante.jpeg","datePublished":"2021-03-18T19:49:24+00:00","author":{"@id":"https:\/\/www.grupociatos.com.br\/#\/schema\/person\/c3d1c2165562e77b89deb88dec0b71c9"},"breadcrumb":{"@id":"https:\/\/www.grupociatos.com.br\/?p=13425#breadcrumb"},"inLanguage":"pt-BR","potentialAction":[{"@type":"ReadAction","target":["https:\/\/www.grupociatos.com.br\/?p=13425"]}]},{"@type":"ImageObject","inLanguage":"pt-BR","@id":"https:\/\/www.grupociatos.com.br\/?p=13425#primaryimage","url":"https:\/\/www.grupociatos.com.br\/wp-content\/uploads\/2021\/03\/entenda-agora-o-que-e-registro-de-marca-e-por-que-e-importante.jpeg","contentUrl":"https:\/\/www.grupociatos.com.br\/wp-content\/uploads\/2021\/03\/entenda-agora-o-que-e-registro-de-marca-e-por-que-e-importante.jpeg","width":1600,"height":1066},{"@type":"BreadcrumbList","@id":"https:\/\/www.grupociatos.com.br\/?p=13425#breadcrumb","itemListElement":[{"@type":"ListItem","position":1,"name":"Home","item":"https:\/\/www.grupociatos.com.br\/"},{"@type":"ListItem","position":2,"name":"DO REGISTRO E UTILIZA\u00c7\u00c3O DA MARCA"}]},{"@type":"WebSite","@id":"https:\/\/www.grupociatos.com.br\/#website","url":"https:\/\/www.grupociatos.com.br\/","name":"Grupo Ciatos","description":"","potentialAction":[{"@type":"SearchAction","target":{"@type":"EntryPoint","urlTemplate":"https:\/\/www.grupociatos.com.br\/?s={search_term_string}"},"query-input":{"@type":"PropertyValueSpecification","valueRequired":true,"valueName":"search_term_string"}}],"inLanguage":"pt-BR"},{"@type":"Person","@id":"https:\/\/www.grupociatos.com.br\/#\/schema\/person\/c3d1c2165562e77b89deb88dec0b71c9","name":"Grupo Ciatos","image":{"@type":"ImageObject","inLanguage":"pt-BR","@id":"https:\/\/www.grupociatos.com.br\/#\/schema\/person\/image\/","url":"https:\/\/secure.gravatar.com\/avatar\/af80136d966725a0ae580ab51908e940da73c4073e4a1ab3919ae432f1ed6112?s=96&d=mm&r=g","contentUrl":"https:\/\/secure.gravatar.com\/avatar\/af80136d966725a0ae580ab51908e940da73c4073e4a1ab3919ae432f1ed6112?s=96&d=mm&r=g","caption":"Grupo Ciatos"},"sameAs":["https:\/\/www.grupociatos.com.br"],"url":"https:\/\/www.grupociatos.com.br\/?author=1"}]}},"_links":{"self":[{"href":"https:\/\/www.grupociatos.com.br\/index.php?rest_route=\/wp\/v2\/posts\/13425","targetHints":{"allow":["GET"]}}],"collection":[{"href":"https:\/\/www.grupociatos.com.br\/index.php?rest_route=\/wp\/v2\/posts"}],"about":[{"href":"https:\/\/www.grupociatos.com.br\/index.php?rest_route=\/wp\/v2\/types\/post"}],"author":[{"embeddable":true,"href":"https:\/\/www.grupociatos.com.br\/index.php?rest_route=\/wp\/v2\/users\/1"}],"replies":[{"embeddable":true,"href":"https:\/\/www.grupociatos.com.br\/index.php?rest_route=%2Fwp%2Fv2%2Fcomments&post=13425"}],"version-history":[{"count":0,"href":"https:\/\/www.grupociatos.com.br\/index.php?rest_route=\/wp\/v2\/posts\/13425\/revisions"}],"wp:featuredmedia":[{"embeddable":true,"href":"https:\/\/www.grupociatos.com.br\/index.php?rest_route=\/wp\/v2\/media\/13428"}],"wp:attachment":[{"href":"https:\/\/www.grupociatos.com.br\/index.php?rest_route=%2Fwp%2Fv2%2Fmedia&parent=13425"}],"wp:term":[{"taxonomy":"category","embeddable":true,"href":"https:\/\/www.grupociatos.com.br\/index.php?rest_route=%2Fwp%2Fv2%2Fcategories&post=13425"},{"taxonomy":"post_tag","embeddable":true,"href":"https:\/\/www.grupociatos.com.br\/index.php?rest_route=%2Fwp%2Fv2%2Ftags&post=13425"},{"taxonomy":"_segmentos","embeddable":true,"href":"https:\/\/www.grupociatos.com.br\/index.php?rest_route=%2Fwp%2Fv2%2F_segmentos&post=13425"}],"curies":[{"name":"wp","href":"https:\/\/api.w.org\/{rel}","templated":true}]}}