{"id":15733,"date":"2021-06-25T15:19:50","date_gmt":"2021-06-25T18:19:50","guid":{"rendered":"https:\/\/blog.grupociatos.com.br\/?p=14570"},"modified":"2021-06-25T15:19:50","modified_gmt":"2021-06-25T18:19:50","slug":"qual-o-termo-inicial-para-contagem-do-prazo-para-pagamento-dos-credores-trabalhistas-na-recuperacao-judicial","status":"publish","type":"post","link":"https:\/\/www.grupociatos.com.br\/?p=15733","title":{"rendered":"QUAL O TERMO INICIAL PARA CONTAGEM DO PRAZO PARA PAGAMENTO DOS CREDORES TRABALHISTAS NA RECUPERA\u00c7\u00c3O JUDICIAL?"},"content":{"rendered":"\n<p>A Terceira Turma do Superior Tribuna de Justi\u00e7a decidiu, por unanimidade, no Recurso Especial n\u00ba 1.924.164-SP, Rel. Min. Nancy Andrighi, julgado em 15\/06\/2021, DJe de 17\/06\/2021 que o termo inicial da contagem do prazo para pagamento dos credores trabalhistas no procedimento de recupera\u00e7\u00e3o judicial do devedor \u00e9 a data da concess\u00e3o desta. Assim, somente depois de aprovado o plano e estabelecidas as condi\u00e7\u00f5es espec\u00edficas dos pagamentos \u00e9 que estes podem ter in\u00edcio.<\/p>\n\n\n\n<p>A liberdade de negociar prazos de pagamentos \u00e9 diretriz que serve de refer\u00eancia \u00e0 elabora\u00e7\u00e3o do plano de recupera\u00e7\u00e3o judicial. Todavia, a fim de evitar abusos que possam inviabilizar a concretiza\u00e7\u00e3o dos princ\u00edpios que regem o processo de soerguimento, a pr\u00f3pria Lei n. 11.101\/2005 cuidou de impor limites \u00e0 delibera\u00e7\u00e3o dos envolvidos na negocia\u00e7\u00e3o.<\/p>\n\n\n\n<p>Dentre esses limites, vislumbra-se aquele estampado em seu art. 54, que garante o pagamento privilegiado de cr\u00e9ditos trabalhistas. Tal privil\u00e9gio encontra justificativa por incidir sobre verba de natureza alimentar, titularizada por quem goza de prote\u00e7\u00e3o jur\u00eddica especial em virtude de sua maior vulnerabilidade.<\/p>\n\n\n\n<p>A par de garantir pagamento especial aos credores trabalhistas no prazo de um ano, o art. 54 da LFRE n\u00e3o fixou o marco inicial para cumprimento dessa obriga\u00e7\u00e3o.<\/p>\n\n\n\n<p>Todavia, decorre da interpreta\u00e7\u00e3o sistem\u00e1tica desse diploma legal que o in\u00edcio do cumprimento de quaisquer obriga\u00e7\u00f5es previstas no plano de soerguimento est\u00e1 condicionado \u00e0 concess\u00e3o da recupera\u00e7\u00e3o judicial (art. 61,&nbsp;<em>caput<\/em>, c\/c o art. 58,&nbsp;<em>caput<\/em>, da LFRE).<\/p>\n\n\n\n<p>Isso porque \u00e9 apenas a partir da concess\u00e3o do benef\u00edcio legal que o devedor poder\u00e1 satisfazer seus credores, conforme assentado no plano, sem que isso implique tratamento preferencial a alguns em detrimento de outros.<\/p>\n\n\n\n<p>Vale observar que, quando a lei pretendeu que determinada obriga\u00e7\u00e3o fosse cumprida a partir de outro marco inicial, ela o declarou de modo expresso, como ocorreu, a t\u00edtulo ilustrativo, na hip\u00f3tese do inciso III do art. 71 da LFRE (plano especial de recupera\u00e7\u00e3o judicial).<\/p>\n\n\n\n<p>Acres\u00e7a-se a isso que a nova\u00e7\u00e3o dos cr\u00e9ditos existentes \u00e0 \u00e9poca do pedido (art. 59 da LFRE) apenas se perfectibiliza, para todos os efeitos, com a prola\u00e7\u00e3o da decis\u00e3o que homologa o plano e concede a recupera\u00e7\u00e3o, haja vista que, antes disso, verificada uma das situa\u00e7\u00f5es previstas no art. 73 da LFRE, o juiz dever\u00e1 convolar o procedimento recuperacional em fal\u00eancia.<\/p>\n\n\n\n<p>Nesse norte, n\u00e3o se poderia cogitar que o devedor adimplisse obriga\u00e7\u00f5es antes de ser definido que o procedimento concursal ser\u00e1, de fato, a recupera\u00e7\u00e3o judicial e n\u00e3o a fal\u00eancia. Somente depois de aprovado o plano e estabelecidas as condi\u00e7\u00f5es espec\u00edficas dos pagamentos \u00e9 que estes podem ter in\u00edcio.<\/p>\n\n\n\n<p>No caso, o fundamento que serviu de suporte \u00e0 conclus\u00e3o &#8211; no sentido de que o pagamento dos cr\u00e9ditos trabalhistas deveria ter in\u00edcio imediatamente ap\u00f3s o decurso do prazo suspensivo de 180 dias &#8211; decorre da compreens\u00e3o de que, findo tal per\u00edodo, estaria autorizada a retomada da busca individual dos cr\u00e9ditos detidos contra a recuperanda. Essa compreens\u00e3o, contudo, n\u00e3o encontra respaldo na jurisprud\u00eancia deste Tribunal Superior, que possui entendimento consolidado no sentido de que o decurso do prazo acima indicado n\u00e3o pode conduzir, automaticamente, \u00e0 retomada da cobran\u00e7a dos cr\u00e9ditos sujeitos ao processo de soerguimento, uma vez que o objetivo da recupera\u00e7\u00e3o judicial \u00e9 garantir a preserva\u00e7\u00e3o da empresa e a manuten\u00e7\u00e3o dos bens de capital essenciais \u00e0 atividade na posse da devedora.<\/p>\n\n\n\n<p>A equipe de consultores do Grupo Ciatos se coloca \u00e0 disposi\u00e7\u00e3o para solucionar eventuais d\u00favidas.<\/p>\n\n\n\n<p><strong>Quer conhecer um pouco mais sobre o <\/strong><strong>Grupo Ciatos?<\/strong><\/p>\n\n\n\n<p>Preencha o formul\u00e1rio abaixo que um dos Consultores&nbsp;Ciatos&nbsp;entrar\u00e1 em contato para agendar uma visita.&nbsp;<\/p>\n","protected":false},"excerpt":{"rendered":"<p>A Terceira Turma do Superior Tribuna de Justi\u00e7a decidiu, por unanimidade, no Recurso Especial n\u00ba 1.924.164-SP, Rel. Min. Nancy Andrighi, julgado em 15\/06\/2021, DJe de 17\/06\/2021 que o termo inicial da contagem do prazo para pagamento dos credores trabalhistas no procedimento de recupera\u00e7\u00e3o judicial do devedor \u00e9 a data da concess\u00e3o desta. Assim, somente depois [&hellip;]<\/p>\n","protected":false},"author":1,"featured_media":15337,"comment_status":"open","ping_status":"open","sticky":false,"template":"","format":"standard","meta":{"inline_featured_image":false,"footnotes":""},"categories":[266,648],"tags":[2095,649,2096],"_segmentos":[],"class_list":["post-15733","post","type-post","status-publish","format-standard","has-post-thumbnail","hentry","category-juridico","category-recuperacao-judicial","tag-pagamento-dos-credores-trabalhistas","tag-recuperacao-judicial","tag-termo-inicial-da-contagem-do-prazo-para-pagamento-dos-credores-trabalhistas-no-procedimento-de-recuperacao-judicial"],"yoast_head":"<!-- This site is optimized with the Yoast SEO plugin v26.4 - https:\/\/yoast.com\/wordpress\/plugins\/seo\/ -->\n<title>QUAL O TERMO INICIAL PARA CONTAGEM DO PRAZO PARA PAGAMENTO DOS CREDORES TRABALHISTAS NA RECUPERA\u00c7\u00c3O JUDICIAL? - Grupo Ciatos<\/title>\n<meta name=\"robots\" content=\"index, follow, max-snippet:-1, max-image-preview:large, max-video-preview:-1\" \/>\n<link rel=\"canonical\" href=\"https:\/\/www.grupociatos.com.br\/?p=15733\" \/>\n<meta property=\"og:locale\" content=\"pt_BR\" \/>\n<meta property=\"og:type\" content=\"article\" \/>\n<meta property=\"og:title\" content=\"QUAL O TERMO INICIAL PARA CONTAGEM DO PRAZO PARA PAGAMENTO DOS CREDORES TRABALHISTAS NA RECUPERA\u00c7\u00c3O JUDICIAL? - Grupo Ciatos\" \/>\n<meta property=\"og:description\" content=\"A Terceira Turma do Superior Tribuna de Justi\u00e7a decidiu, por unanimidade, no Recurso Especial n\u00ba 1.924.164-SP, Rel. Min. Nancy Andrighi, julgado em 15\/06\/2021, DJe de 17\/06\/2021 que o termo inicial da contagem do prazo para pagamento dos credores trabalhistas no procedimento de recupera\u00e7\u00e3o judicial do devedor \u00e9 a data da concess\u00e3o desta. Assim, somente depois [&hellip;]\" \/>\n<meta property=\"og:url\" content=\"https:\/\/www.grupociatos.com.br\/?p=15733\" \/>\n<meta property=\"og:site_name\" content=\"Grupo Ciatos\" \/>\n<meta property=\"article:published_time\" content=\"2021-06-25T18:19:50+00:00\" \/>\n<meta property=\"og:image\" content=\"https:\/\/www.grupociatos.com.br\/wp-content\/uploads\/2021\/06\/images.jpg\" \/>\n\t<meta property=\"og:image:width\" content=\"276\" \/>\n\t<meta property=\"og:image:height\" content=\"183\" \/>\n\t<meta property=\"og:image:type\" content=\"image\/jpeg\" \/>\n<meta name=\"author\" content=\"Grupo Ciatos\" \/>\n<meta name=\"twitter:card\" content=\"summary_large_image\" \/>\n<meta name=\"twitter:label1\" content=\"Written by\" \/>\n\t<meta name=\"twitter:data1\" content=\"Grupo Ciatos\" \/>\n\t<meta name=\"twitter:label2\" content=\"Est. reading time\" \/>\n\t<meta name=\"twitter:data2\" content=\"3 minutos\" \/>\n<script type=\"application\/ld+json\" class=\"yoast-schema-graph\">{\"@context\":\"https:\/\/schema.org\",\"@graph\":[{\"@type\":\"WebPage\",\"@id\":\"https:\/\/www.grupociatos.com.br\/?p=15733\",\"url\":\"https:\/\/www.grupociatos.com.br\/?p=15733\",\"name\":\"QUAL O TERMO INICIAL PARA CONTAGEM DO PRAZO PARA PAGAMENTO DOS CREDORES TRABALHISTAS NA RECUPERA\u00c7\u00c3O JUDICIAL? - Grupo Ciatos\",\"isPartOf\":{\"@id\":\"https:\/\/www.grupociatos.com.br\/#website\"},\"primaryImageOfPage\":{\"@id\":\"https:\/\/www.grupociatos.com.br\/?p=15733#primaryimage\"},\"image\":{\"@id\":\"https:\/\/www.grupociatos.com.br\/?p=15733#primaryimage\"},\"thumbnailUrl\":\"https:\/\/www.grupociatos.com.br\/wp-content\/uploads\/2021\/06\/images.jpg\",\"datePublished\":\"2021-06-25T18:19:50+00:00\",\"author\":{\"@id\":\"https:\/\/www.grupociatos.com.br\/#\/schema\/person\/c3d1c2165562e77b89deb88dec0b71c9\"},\"breadcrumb\":{\"@id\":\"https:\/\/www.grupociatos.com.br\/?p=15733#breadcrumb\"},\"inLanguage\":\"pt-BR\",\"potentialAction\":[{\"@type\":\"ReadAction\",\"target\":[\"https:\/\/www.grupociatos.com.br\/?p=15733\"]}]},{\"@type\":\"ImageObject\",\"inLanguage\":\"pt-BR\",\"@id\":\"https:\/\/www.grupociatos.com.br\/?p=15733#primaryimage\",\"url\":\"https:\/\/www.grupociatos.com.br\/wp-content\/uploads\/2021\/06\/images.jpg\",\"contentUrl\":\"https:\/\/www.grupociatos.com.br\/wp-content\/uploads\/2021\/06\/images.jpg\",\"width\":276,\"height\":183},{\"@type\":\"BreadcrumbList\",\"@id\":\"https:\/\/www.grupociatos.com.br\/?p=15733#breadcrumb\",\"itemListElement\":[{\"@type\":\"ListItem\",\"position\":1,\"name\":\"Home\",\"item\":\"https:\/\/www.grupociatos.com.br\/\"},{\"@type\":\"ListItem\",\"position\":2,\"name\":\"QUAL O TERMO INICIAL PARA CONTAGEM DO PRAZO PARA PAGAMENTO DOS CREDORES TRABALHISTAS NA RECUPERA\u00c7\u00c3O JUDICIAL?\"}]},{\"@type\":\"WebSite\",\"@id\":\"https:\/\/www.grupociatos.com.br\/#website\",\"url\":\"https:\/\/www.grupociatos.com.br\/\",\"name\":\"Grupo Ciatos\",\"description\":\"\",\"potentialAction\":[{\"@type\":\"SearchAction\",\"target\":{\"@type\":\"EntryPoint\",\"urlTemplate\":\"https:\/\/www.grupociatos.com.br\/?s={search_term_string}\"},\"query-input\":{\"@type\":\"PropertyValueSpecification\",\"valueRequired\":true,\"valueName\":\"search_term_string\"}}],\"inLanguage\":\"pt-BR\"},{\"@type\":\"Person\",\"@id\":\"https:\/\/www.grupociatos.com.br\/#\/schema\/person\/c3d1c2165562e77b89deb88dec0b71c9\",\"name\":\"Grupo Ciatos\",\"image\":{\"@type\":\"ImageObject\",\"inLanguage\":\"pt-BR\",\"@id\":\"https:\/\/www.grupociatos.com.br\/#\/schema\/person\/image\/\",\"url\":\"https:\/\/secure.gravatar.com\/avatar\/af80136d966725a0ae580ab51908e940da73c4073e4a1ab3919ae432f1ed6112?s=96&d=mm&r=g\",\"contentUrl\":\"https:\/\/secure.gravatar.com\/avatar\/af80136d966725a0ae580ab51908e940da73c4073e4a1ab3919ae432f1ed6112?s=96&d=mm&r=g\",\"caption\":\"Grupo Ciatos\"},\"sameAs\":[\"https:\/\/www.grupociatos.com.br\"],\"url\":\"https:\/\/www.grupociatos.com.br\/?author=1\"}]}<\/script>\n<!-- \/ Yoast SEO plugin. -->","yoast_head_json":{"title":"QUAL O TERMO INICIAL PARA CONTAGEM DO PRAZO PARA PAGAMENTO DOS CREDORES TRABALHISTAS NA RECUPERA\u00c7\u00c3O JUDICIAL? - Grupo Ciatos","robots":{"index":"index","follow":"follow","max-snippet":"max-snippet:-1","max-image-preview":"max-image-preview:large","max-video-preview":"max-video-preview:-1"},"canonical":"https:\/\/www.grupociatos.com.br\/?p=15733","og_locale":"pt_BR","og_type":"article","og_title":"QUAL O TERMO INICIAL PARA CONTAGEM DO PRAZO PARA PAGAMENTO DOS CREDORES TRABALHISTAS NA RECUPERA\u00c7\u00c3O JUDICIAL? - Grupo Ciatos","og_description":"A Terceira Turma do Superior Tribuna de Justi\u00e7a decidiu, por unanimidade, no Recurso Especial n\u00ba 1.924.164-SP, Rel. Min. Nancy Andrighi, julgado em 15\/06\/2021, DJe de 17\/06\/2021 que o termo inicial da contagem do prazo para pagamento dos credores trabalhistas no procedimento de recupera\u00e7\u00e3o judicial do devedor \u00e9 a data da concess\u00e3o desta. Assim, somente depois [&hellip;]","og_url":"https:\/\/www.grupociatos.com.br\/?p=15733","og_site_name":"Grupo Ciatos","article_published_time":"2021-06-25T18:19:50+00:00","og_image":[{"width":276,"height":183,"url":"https:\/\/www.grupociatos.com.br\/wp-content\/uploads\/2021\/06\/images.jpg","type":"image\/jpeg"}],"author":"Grupo Ciatos","twitter_card":"summary_large_image","twitter_misc":{"Written by":"Grupo Ciatos","Est. reading time":"3 minutos"},"schema":{"@context":"https:\/\/schema.org","@graph":[{"@type":"WebPage","@id":"https:\/\/www.grupociatos.com.br\/?p=15733","url":"https:\/\/www.grupociatos.com.br\/?p=15733","name":"QUAL O TERMO INICIAL PARA CONTAGEM DO PRAZO PARA PAGAMENTO DOS CREDORES TRABALHISTAS NA RECUPERA\u00c7\u00c3O JUDICIAL? - Grupo Ciatos","isPartOf":{"@id":"https:\/\/www.grupociatos.com.br\/#website"},"primaryImageOfPage":{"@id":"https:\/\/www.grupociatos.com.br\/?p=15733#primaryimage"},"image":{"@id":"https:\/\/www.grupociatos.com.br\/?p=15733#primaryimage"},"thumbnailUrl":"https:\/\/www.grupociatos.com.br\/wp-content\/uploads\/2021\/06\/images.jpg","datePublished":"2021-06-25T18:19:50+00:00","author":{"@id":"https:\/\/www.grupociatos.com.br\/#\/schema\/person\/c3d1c2165562e77b89deb88dec0b71c9"},"breadcrumb":{"@id":"https:\/\/www.grupociatos.com.br\/?p=15733#breadcrumb"},"inLanguage":"pt-BR","potentialAction":[{"@type":"ReadAction","target":["https:\/\/www.grupociatos.com.br\/?p=15733"]}]},{"@type":"ImageObject","inLanguage":"pt-BR","@id":"https:\/\/www.grupociatos.com.br\/?p=15733#primaryimage","url":"https:\/\/www.grupociatos.com.br\/wp-content\/uploads\/2021\/06\/images.jpg","contentUrl":"https:\/\/www.grupociatos.com.br\/wp-content\/uploads\/2021\/06\/images.jpg","width":276,"height":183},{"@type":"BreadcrumbList","@id":"https:\/\/www.grupociatos.com.br\/?p=15733#breadcrumb","itemListElement":[{"@type":"ListItem","position":1,"name":"Home","item":"https:\/\/www.grupociatos.com.br\/"},{"@type":"ListItem","position":2,"name":"QUAL O TERMO INICIAL PARA CONTAGEM DO PRAZO PARA PAGAMENTO DOS CREDORES TRABALHISTAS NA RECUPERA\u00c7\u00c3O JUDICIAL?"}]},{"@type":"WebSite","@id":"https:\/\/www.grupociatos.com.br\/#website","url":"https:\/\/www.grupociatos.com.br\/","name":"Grupo Ciatos","description":"","potentialAction":[{"@type":"SearchAction","target":{"@type":"EntryPoint","urlTemplate":"https:\/\/www.grupociatos.com.br\/?s={search_term_string}"},"query-input":{"@type":"PropertyValueSpecification","valueRequired":true,"valueName":"search_term_string"}}],"inLanguage":"pt-BR"},{"@type":"Person","@id":"https:\/\/www.grupociatos.com.br\/#\/schema\/person\/c3d1c2165562e77b89deb88dec0b71c9","name":"Grupo Ciatos","image":{"@type":"ImageObject","inLanguage":"pt-BR","@id":"https:\/\/www.grupociatos.com.br\/#\/schema\/person\/image\/","url":"https:\/\/secure.gravatar.com\/avatar\/af80136d966725a0ae580ab51908e940da73c4073e4a1ab3919ae432f1ed6112?s=96&d=mm&r=g","contentUrl":"https:\/\/secure.gravatar.com\/avatar\/af80136d966725a0ae580ab51908e940da73c4073e4a1ab3919ae432f1ed6112?s=96&d=mm&r=g","caption":"Grupo Ciatos"},"sameAs":["https:\/\/www.grupociatos.com.br"],"url":"https:\/\/www.grupociatos.com.br\/?author=1"}]}},"_links":{"self":[{"href":"https:\/\/www.grupociatos.com.br\/index.php?rest_route=\/wp\/v2\/posts\/15733","targetHints":{"allow":["GET"]}}],"collection":[{"href":"https:\/\/www.grupociatos.com.br\/index.php?rest_route=\/wp\/v2\/posts"}],"about":[{"href":"https:\/\/www.grupociatos.com.br\/index.php?rest_route=\/wp\/v2\/types\/post"}],"author":[{"embeddable":true,"href":"https:\/\/www.grupociatos.com.br\/index.php?rest_route=\/wp\/v2\/users\/1"}],"replies":[{"embeddable":true,"href":"https:\/\/www.grupociatos.com.br\/index.php?rest_route=%2Fwp%2Fv2%2Fcomments&post=15733"}],"version-history":[{"count":0,"href":"https:\/\/www.grupociatos.com.br\/index.php?rest_route=\/wp\/v2\/posts\/15733\/revisions"}],"wp:featuredmedia":[{"embeddable":true,"href":"https:\/\/www.grupociatos.com.br\/index.php?rest_route=\/wp\/v2\/media\/15337"}],"wp:attachment":[{"href":"https:\/\/www.grupociatos.com.br\/index.php?rest_route=%2Fwp%2Fv2%2Fmedia&parent=15733"}],"wp:term":[{"taxonomy":"category","embeddable":true,"href":"https:\/\/www.grupociatos.com.br\/index.php?rest_route=%2Fwp%2Fv2%2Fcategories&post=15733"},{"taxonomy":"post_tag","embeddable":true,"href":"https:\/\/www.grupociatos.com.br\/index.php?rest_route=%2Fwp%2Fv2%2Ftags&post=15733"},{"taxonomy":"_segmentos","embeddable":true,"href":"https:\/\/www.grupociatos.com.br\/index.php?rest_route=%2Fwp%2Fv2%2F_segmentos&post=15733"}],"curies":[{"name":"wp","href":"https:\/\/api.w.org\/{rel}","templated":true}]}}