{"id":15735,"date":"2021-06-30T15:21:42","date_gmt":"2021-06-30T18:21:42","guid":{"rendered":"https:\/\/blog.grupociatos.com.br\/?p=14643"},"modified":"2021-06-30T15:21:42","modified_gmt":"2021-06-30T18:21:42","slug":"stj-determina-a-possibilidade-de-atos-constritivos-contra-empresa-em-recuperacao-judicial-em-sede-de-execucao-fiscal","status":"publish","type":"post","link":"https:\/\/www.grupociatos.com.br\/?p=15735","title":{"rendered":"STJ DETERMINA A POSSIBILIDADE DE ATOS CONSTRITIVOS CONTRA EMPRESA EM RECUPERA\u00c7\u00c3O JUDICIAL EM SEDE DE EXECU\u00c7\u00c3O FISCAL"},"content":{"rendered":"\n<p>A Primeira Se\u00e7\u00e3o do Superior Tribunal de Justi\u00e7a (STJ) determinou o cancelamento do&nbsp;<strong>Tema Repetitivo 987<\/strong>, cuja quest\u00e3o submetida a julgamento abordava sobre a possibilidade de atos constritivos contra empresa em recupera\u00e7\u00e3o judicial, em sede de execu\u00e7\u00e3o fiscal, por d\u00edvida tribut\u00e1ria ou n\u00e3o tribut\u00e1ria.<\/p>\n\n\n\n<p>Em consequ\u00eancia do cancelamento do tema repetitivo, o colegiado determinou o levantamento da suspens\u00e3o nacional de processos relacionados ao tema abordado pelo repetitivo anteriormente afetado.<\/p>\n\n\n\n<p>O relator dos recursos especiais, ministro Mauro Campbell Marques, apontou que a Fazenda Nacional, com base nas novas disposi\u00e7\u00f5es da Lei 11.101\/2005, argumentou que as execu\u00e7\u00f5es fiscais n\u00e3o s\u00e3o suspensas pelo simples fato do deferimento da recupera\u00e7\u00e3o judicial.<\/p>\n\n\n\n<p>Ainda, segundo a Fazenda, pode haver a constri\u00e7\u00e3o contra empresa em recupera\u00e7\u00e3o quando n\u00e3o houver hip\u00f3tese de suspens\u00e3o da execu\u00e7\u00e3o ou da pr\u00f3pria exigibilidade do cr\u00e9dito tribut\u00e1rio, sendo do ju\u00edzo universal a compet\u00eancia para, em coopera\u00e7\u00e3o com o ju\u00edzo da execu\u00e7\u00e3o fiscal, substituir a constri\u00e7\u00e3o relativa aos bens de capital essenciais \u00e0 manuten\u00e7\u00e3o da atividade empresarial \u2013 e, por consequ\u00eancia, ao cumprimento do plano de recupera\u00e7\u00e3o.<\/p>\n\n\n\n<p>De acordo com o ministro Campbell, a atribui\u00e7\u00e3o da compet\u00eancia ao ju\u00edzo da recupera\u00e7\u00e3o judicial para controlar os atos constritivos determinados em sede de execu\u00e7\u00e3o fiscal representa a positiva\u00e7\u00e3o legal do entendimento consolidado pela Segunda Se\u00e7\u00e3o no&nbsp;CC 120.642.<\/p>\n\n\n\n<p>Por outro lado, Mauro Campbell Marques destacou que n\u00e3o seria adequado o pronunciamento do STJ, em sede de recurso especial interposto nos autos de execu\u00e7\u00e3o fiscal, sem que houvesse pr\u00e9via manifesta\u00e7\u00e3o do ju\u00edzo da recupera\u00e7\u00e3o judicial.<\/p>\n\n\n\n<p>Nesse sentido, o ministro considerou caber ao ju\u00edzo da recupera\u00e7\u00e3o judicial verificar a viabilidade da constri\u00e7\u00e3o realizada na execu\u00e7\u00e3o fiscal, observando as regras do pedido de coopera\u00e7\u00e3o jurisdicional (artigo 69 do CPC\/2015), podendo determinar eventual substitui\u00e7\u00e3o para que o plano de recupera\u00e7\u00e3o n\u00e3o seja prejudicado.<\/p>\n\n\n\n<p>&#8220;Constatado que n\u00e3o h\u00e1 tal pronunciamento, imp\u00f5e-se a devolu\u00e7\u00e3o dos autos ao ju\u00edzo da execu\u00e7\u00e3o fiscal, para que adote as provid\u00eancias cab\u00edveis. Isso deve ocorrer inclusive em rela\u00e7\u00e3o aos feitos que hoje se encontram sobrestados em raz\u00e3o da afeta\u00e7\u00e3o do Tema 987&#8221;, concluiu o magistrado ao determinar o cancelamento do tema repetitivo.<\/p>\n\n\n\n<p>A equipe de consultores do Grupo Ciatos se coloca \u00e0 disposi\u00e7\u00e3o para solucionar eventuais d\u00favidas.<\/p>\n\n\n\n<p><strong>Quer conhecer um pouco mais sobre o<\/strong> <strong>Grupo Ciatos?<\/strong><\/p>\n\n\n\n<p>Preencha o formul\u00e1rio abaixo que um dos Consultores&nbsp;Ciatos&nbsp;entrar\u00e1 em contato para agendar uma visita.&nbsp;<\/p>\n","protected":false},"excerpt":{"rendered":"<p>A Primeira Se\u00e7\u00e3o do Superior Tribunal de Justi\u00e7a (STJ) determinou o cancelamento do&nbsp;Tema Repetitivo 987, cuja quest\u00e3o submetida a julgamento abordava sobre a possibilidade de atos constritivos contra empresa em recupera\u00e7\u00e3o judicial, em sede de execu\u00e7\u00e3o fiscal, por d\u00edvida tribut\u00e1ria ou n\u00e3o tribut\u00e1ria. Em consequ\u00eancia do cancelamento do tema repetitivo, o colegiado determinou o levantamento [&hellip;]<\/p>\n","protected":false},"author":1,"featured_media":15340,"comment_status":"open","ping_status":"open","sticky":false,"template":"","format":"standard","meta":{"inline_featured_image":false,"footnotes":""},"categories":[266,648],"tags":[2101,147,2102,2103],"_segmentos":[],"class_list":["post-15735","post","type-post","status-publish","format-standard","has-post-thumbnail","hentry","category-juridico","category-recuperacao-judicial","tag-divida-tributaria-ou-nao-tributaria","tag-execucao-fiscal","tag-exigibilidade-do-credito-tributario","tag-possibilidade-de-atos-constritivos-contra-empresa-em-recuperacao-judicial"],"yoast_head":"<!-- This site is optimized with the Yoast SEO plugin v26.4 - https:\/\/yoast.com\/wordpress\/plugins\/seo\/ -->\n<title>STJ DETERMINA A POSSIBILIDADE DE ATOS CONSTRITIVOS CONTRA EMPRESA EM RECUPERA\u00c7\u00c3O JUDICIAL EM SEDE DE EXECU\u00c7\u00c3O FISCAL - Grupo Ciatos<\/title>\n<meta name=\"robots\" content=\"index, follow, max-snippet:-1, max-image-preview:large, max-video-preview:-1\" \/>\n<link rel=\"canonical\" href=\"https:\/\/www.grupociatos.com.br\/?p=15735\" \/>\n<meta property=\"og:locale\" content=\"pt_BR\" \/>\n<meta property=\"og:type\" content=\"article\" \/>\n<meta property=\"og:title\" content=\"STJ DETERMINA A POSSIBILIDADE DE ATOS CONSTRITIVOS CONTRA EMPRESA EM RECUPERA\u00c7\u00c3O JUDICIAL EM SEDE DE EXECU\u00c7\u00c3O FISCAL - Grupo Ciatos\" \/>\n<meta property=\"og:description\" content=\"A Primeira Se\u00e7\u00e3o do Superior Tribunal de Justi\u00e7a (STJ) determinou o cancelamento do&nbsp;Tema Repetitivo 987, cuja quest\u00e3o submetida a julgamento abordava sobre a possibilidade de atos constritivos contra empresa em recupera\u00e7\u00e3o judicial, em sede de execu\u00e7\u00e3o fiscal, por d\u00edvida tribut\u00e1ria ou n\u00e3o tribut\u00e1ria. Em consequ\u00eancia do cancelamento do tema repetitivo, o colegiado determinou o levantamento [&hellip;]\" \/>\n<meta property=\"og:url\" content=\"https:\/\/www.grupociatos.com.br\/?p=15735\" \/>\n<meta property=\"og:site_name\" content=\"Grupo Ciatos\" \/>\n<meta property=\"article:published_time\" content=\"2021-06-30T18:21:42+00:00\" \/>\n<meta property=\"og:image\" content=\"https:\/\/www.grupociatos.com.br\/wp-content\/uploads\/2021\/06\/assembleia-geral-credores-recuperacao2.png\" \/>\n\t<meta property=\"og:image:width\" content=\"900\" \/>\n\t<meta property=\"og:image:height\" content=\"600\" \/>\n\t<meta property=\"og:image:type\" content=\"image\/png\" \/>\n<meta name=\"author\" content=\"Grupo Ciatos\" \/>\n<meta name=\"twitter:card\" content=\"summary_large_image\" \/>\n<meta name=\"twitter:label1\" content=\"Written by\" \/>\n\t<meta name=\"twitter:data1\" content=\"Grupo Ciatos\" \/>\n\t<meta name=\"twitter:label2\" content=\"Est. reading time\" \/>\n\t<meta name=\"twitter:data2\" content=\"2 minutos\" \/>\n<script type=\"application\/ld+json\" class=\"yoast-schema-graph\">{\"@context\":\"https:\/\/schema.org\",\"@graph\":[{\"@type\":\"WebPage\",\"@id\":\"https:\/\/www.grupociatos.com.br\/?p=15735\",\"url\":\"https:\/\/www.grupociatos.com.br\/?p=15735\",\"name\":\"STJ DETERMINA A POSSIBILIDADE DE ATOS CONSTRITIVOS CONTRA EMPRESA EM RECUPERA\u00c7\u00c3O JUDICIAL EM SEDE DE EXECU\u00c7\u00c3O FISCAL - Grupo Ciatos\",\"isPartOf\":{\"@id\":\"https:\/\/www.grupociatos.com.br\/#website\"},\"primaryImageOfPage\":{\"@id\":\"https:\/\/www.grupociatos.com.br\/?p=15735#primaryimage\"},\"image\":{\"@id\":\"https:\/\/www.grupociatos.com.br\/?p=15735#primaryimage\"},\"thumbnailUrl\":\"https:\/\/www.grupociatos.com.br\/wp-content\/uploads\/2021\/06\/assembleia-geral-credores-recuperacao2.png\",\"datePublished\":\"2021-06-30T18:21:42+00:00\",\"author\":{\"@id\":\"https:\/\/www.grupociatos.com.br\/#\/schema\/person\/c3d1c2165562e77b89deb88dec0b71c9\"},\"breadcrumb\":{\"@id\":\"https:\/\/www.grupociatos.com.br\/?p=15735#breadcrumb\"},\"inLanguage\":\"pt-BR\",\"potentialAction\":[{\"@type\":\"ReadAction\",\"target\":[\"https:\/\/www.grupociatos.com.br\/?p=15735\"]}]},{\"@type\":\"ImageObject\",\"inLanguage\":\"pt-BR\",\"@id\":\"https:\/\/www.grupociatos.com.br\/?p=15735#primaryimage\",\"url\":\"https:\/\/www.grupociatos.com.br\/wp-content\/uploads\/2021\/06\/assembleia-geral-credores-recuperacao2.png\",\"contentUrl\":\"https:\/\/www.grupociatos.com.br\/wp-content\/uploads\/2021\/06\/assembleia-geral-credores-recuperacao2.png\",\"width\":900,\"height\":600},{\"@type\":\"BreadcrumbList\",\"@id\":\"https:\/\/www.grupociatos.com.br\/?p=15735#breadcrumb\",\"itemListElement\":[{\"@type\":\"ListItem\",\"position\":1,\"name\":\"Home\",\"item\":\"https:\/\/www.grupociatos.com.br\/\"},{\"@type\":\"ListItem\",\"position\":2,\"name\":\"STJ DETERMINA A POSSIBILIDADE DE ATOS CONSTRITIVOS CONTRA EMPRESA EM RECUPERA\u00c7\u00c3O JUDICIAL EM SEDE DE EXECU\u00c7\u00c3O FISCAL\"}]},{\"@type\":\"WebSite\",\"@id\":\"https:\/\/www.grupociatos.com.br\/#website\",\"url\":\"https:\/\/www.grupociatos.com.br\/\",\"name\":\"Grupo Ciatos\",\"description\":\"\",\"potentialAction\":[{\"@type\":\"SearchAction\",\"target\":{\"@type\":\"EntryPoint\",\"urlTemplate\":\"https:\/\/www.grupociatos.com.br\/?s={search_term_string}\"},\"query-input\":{\"@type\":\"PropertyValueSpecification\",\"valueRequired\":true,\"valueName\":\"search_term_string\"}}],\"inLanguage\":\"pt-BR\"},{\"@type\":\"Person\",\"@id\":\"https:\/\/www.grupociatos.com.br\/#\/schema\/person\/c3d1c2165562e77b89deb88dec0b71c9\",\"name\":\"Grupo Ciatos\",\"image\":{\"@type\":\"ImageObject\",\"inLanguage\":\"pt-BR\",\"@id\":\"https:\/\/www.grupociatos.com.br\/#\/schema\/person\/image\/\",\"url\":\"https:\/\/secure.gravatar.com\/avatar\/af80136d966725a0ae580ab51908e940da73c4073e4a1ab3919ae432f1ed6112?s=96&d=mm&r=g\",\"contentUrl\":\"https:\/\/secure.gravatar.com\/avatar\/af80136d966725a0ae580ab51908e940da73c4073e4a1ab3919ae432f1ed6112?s=96&d=mm&r=g\",\"caption\":\"Grupo Ciatos\"},\"sameAs\":[\"https:\/\/www.grupociatos.com.br\"],\"url\":\"https:\/\/www.grupociatos.com.br\/?author=1\"}]}<\/script>\n<!-- \/ Yoast SEO plugin. -->","yoast_head_json":{"title":"STJ DETERMINA A POSSIBILIDADE DE ATOS CONSTRITIVOS CONTRA EMPRESA EM RECUPERA\u00c7\u00c3O JUDICIAL EM SEDE DE EXECU\u00c7\u00c3O FISCAL - Grupo Ciatos","robots":{"index":"index","follow":"follow","max-snippet":"max-snippet:-1","max-image-preview":"max-image-preview:large","max-video-preview":"max-video-preview:-1"},"canonical":"https:\/\/www.grupociatos.com.br\/?p=15735","og_locale":"pt_BR","og_type":"article","og_title":"STJ DETERMINA A POSSIBILIDADE DE ATOS CONSTRITIVOS CONTRA EMPRESA EM RECUPERA\u00c7\u00c3O JUDICIAL EM SEDE DE EXECU\u00c7\u00c3O FISCAL - Grupo Ciatos","og_description":"A Primeira Se\u00e7\u00e3o do Superior Tribunal de Justi\u00e7a (STJ) determinou o cancelamento do&nbsp;Tema Repetitivo 987, cuja quest\u00e3o submetida a julgamento abordava sobre a possibilidade de atos constritivos contra empresa em recupera\u00e7\u00e3o judicial, em sede de execu\u00e7\u00e3o fiscal, por d\u00edvida tribut\u00e1ria ou n\u00e3o tribut\u00e1ria. Em consequ\u00eancia do cancelamento do tema repetitivo, o colegiado determinou o levantamento [&hellip;]","og_url":"https:\/\/www.grupociatos.com.br\/?p=15735","og_site_name":"Grupo Ciatos","article_published_time":"2021-06-30T18:21:42+00:00","og_image":[{"width":900,"height":600,"url":"https:\/\/www.grupociatos.com.br\/wp-content\/uploads\/2021\/06\/assembleia-geral-credores-recuperacao2.png","type":"image\/png"}],"author":"Grupo Ciatos","twitter_card":"summary_large_image","twitter_misc":{"Written by":"Grupo Ciatos","Est. reading time":"2 minutos"},"schema":{"@context":"https:\/\/schema.org","@graph":[{"@type":"WebPage","@id":"https:\/\/www.grupociatos.com.br\/?p=15735","url":"https:\/\/www.grupociatos.com.br\/?p=15735","name":"STJ DETERMINA A POSSIBILIDADE DE ATOS CONSTRITIVOS CONTRA EMPRESA EM RECUPERA\u00c7\u00c3O JUDICIAL EM SEDE DE EXECU\u00c7\u00c3O FISCAL - Grupo Ciatos","isPartOf":{"@id":"https:\/\/www.grupociatos.com.br\/#website"},"primaryImageOfPage":{"@id":"https:\/\/www.grupociatos.com.br\/?p=15735#primaryimage"},"image":{"@id":"https:\/\/www.grupociatos.com.br\/?p=15735#primaryimage"},"thumbnailUrl":"https:\/\/www.grupociatos.com.br\/wp-content\/uploads\/2021\/06\/assembleia-geral-credores-recuperacao2.png","datePublished":"2021-06-30T18:21:42+00:00","author":{"@id":"https:\/\/www.grupociatos.com.br\/#\/schema\/person\/c3d1c2165562e77b89deb88dec0b71c9"},"breadcrumb":{"@id":"https:\/\/www.grupociatos.com.br\/?p=15735#breadcrumb"},"inLanguage":"pt-BR","potentialAction":[{"@type":"ReadAction","target":["https:\/\/www.grupociatos.com.br\/?p=15735"]}]},{"@type":"ImageObject","inLanguage":"pt-BR","@id":"https:\/\/www.grupociatos.com.br\/?p=15735#primaryimage","url":"https:\/\/www.grupociatos.com.br\/wp-content\/uploads\/2021\/06\/assembleia-geral-credores-recuperacao2.png","contentUrl":"https:\/\/www.grupociatos.com.br\/wp-content\/uploads\/2021\/06\/assembleia-geral-credores-recuperacao2.png","width":900,"height":600},{"@type":"BreadcrumbList","@id":"https:\/\/www.grupociatos.com.br\/?p=15735#breadcrumb","itemListElement":[{"@type":"ListItem","position":1,"name":"Home","item":"https:\/\/www.grupociatos.com.br\/"},{"@type":"ListItem","position":2,"name":"STJ DETERMINA A POSSIBILIDADE DE ATOS CONSTRITIVOS CONTRA EMPRESA EM RECUPERA\u00c7\u00c3O JUDICIAL EM SEDE DE EXECU\u00c7\u00c3O FISCAL"}]},{"@type":"WebSite","@id":"https:\/\/www.grupociatos.com.br\/#website","url":"https:\/\/www.grupociatos.com.br\/","name":"Grupo Ciatos","description":"","potentialAction":[{"@type":"SearchAction","target":{"@type":"EntryPoint","urlTemplate":"https:\/\/www.grupociatos.com.br\/?s={search_term_string}"},"query-input":{"@type":"PropertyValueSpecification","valueRequired":true,"valueName":"search_term_string"}}],"inLanguage":"pt-BR"},{"@type":"Person","@id":"https:\/\/www.grupociatos.com.br\/#\/schema\/person\/c3d1c2165562e77b89deb88dec0b71c9","name":"Grupo Ciatos","image":{"@type":"ImageObject","inLanguage":"pt-BR","@id":"https:\/\/www.grupociatos.com.br\/#\/schema\/person\/image\/","url":"https:\/\/secure.gravatar.com\/avatar\/af80136d966725a0ae580ab51908e940da73c4073e4a1ab3919ae432f1ed6112?s=96&d=mm&r=g","contentUrl":"https:\/\/secure.gravatar.com\/avatar\/af80136d966725a0ae580ab51908e940da73c4073e4a1ab3919ae432f1ed6112?s=96&d=mm&r=g","caption":"Grupo Ciatos"},"sameAs":["https:\/\/www.grupociatos.com.br"],"url":"https:\/\/www.grupociatos.com.br\/?author=1"}]}},"_links":{"self":[{"href":"https:\/\/www.grupociatos.com.br\/index.php?rest_route=\/wp\/v2\/posts\/15735","targetHints":{"allow":["GET"]}}],"collection":[{"href":"https:\/\/www.grupociatos.com.br\/index.php?rest_route=\/wp\/v2\/posts"}],"about":[{"href":"https:\/\/www.grupociatos.com.br\/index.php?rest_route=\/wp\/v2\/types\/post"}],"author":[{"embeddable":true,"href":"https:\/\/www.grupociatos.com.br\/index.php?rest_route=\/wp\/v2\/users\/1"}],"replies":[{"embeddable":true,"href":"https:\/\/www.grupociatos.com.br\/index.php?rest_route=%2Fwp%2Fv2%2Fcomments&post=15735"}],"version-history":[{"count":0,"href":"https:\/\/www.grupociatos.com.br\/index.php?rest_route=\/wp\/v2\/posts\/15735\/revisions"}],"wp:featuredmedia":[{"embeddable":true,"href":"https:\/\/www.grupociatos.com.br\/index.php?rest_route=\/wp\/v2\/media\/15340"}],"wp:attachment":[{"href":"https:\/\/www.grupociatos.com.br\/index.php?rest_route=%2Fwp%2Fv2%2Fmedia&parent=15735"}],"wp:term":[{"taxonomy":"category","embeddable":true,"href":"https:\/\/www.grupociatos.com.br\/index.php?rest_route=%2Fwp%2Fv2%2Fcategories&post=15735"},{"taxonomy":"post_tag","embeddable":true,"href":"https:\/\/www.grupociatos.com.br\/index.php?rest_route=%2Fwp%2Fv2%2Ftags&post=15735"},{"taxonomy":"_segmentos","embeddable":true,"href":"https:\/\/www.grupociatos.com.br\/index.php?rest_route=%2Fwp%2Fv2%2F_segmentos&post=15735"}],"curies":[{"name":"wp","href":"https:\/\/api.w.org\/{rel}","templated":true}]}}