{"id":15745,"date":"2021-07-27T09:34:56","date_gmt":"2021-07-27T12:34:56","guid":{"rendered":"https:\/\/blog.grupociatos.com.br\/?p=14882"},"modified":"2021-07-27T09:34:56","modified_gmt":"2021-07-27T12:34:56","slug":"ex-socia-responde-por-direitos-trabalhistas-a-regra-de-responsabilidade-por-apenas-2-anos-apos-a-retirada-da-sociedade-foi-flexibilizada-pelo-tst","status":"publish","type":"post","link":"https:\/\/www.grupociatos.com.br\/?p=15745","title":{"rendered":"EX S\u00d3CIA RESPONDE POR DIREITOS TRABALHISTAS. A REGRA DE RESPONSABILIDADE POR APENAS 2 ANOS AP\u00d3S A RETIRADA DA SOCIEDADE FOI FLEXIBILIZADA PELO TST"},"content":{"rendered":"\n<p>O s\u00f3cio que se retirou da sociedade vai responder por d\u00e9bitos trabalhistas at\u00e9 quando? Esta \u00e9 uma preocupa\u00e7\u00e3o de muitos empres\u00e1rios que um dia foram s\u00f3cios de uma empresa e, de repente, se encontram envolvidos em uma execu\u00e7\u00e3o trabalhista da antiga empresa.<\/p>\n\n\n\n<p>O Tribunal Superior do Trabalho (TST), em decis\u00e3o recente, entendeu que mesmo ap\u00f3s os 2 anos da sa\u00edda de uma empres\u00e1ria da sociedade, ela responder\u00e1 pelo cr\u00e9dito trabalhista e ex empregada.<\/p>\n\n\n\n<p>A CLT, ap\u00f3s a reforma trabalhista, previu que o s\u00f3cio retirante responde pelas obriga\u00e7\u00f5es trabalhistas da sociedade relativas ao per\u00edodo em que figurou como s\u00f3cio, somente em a\u00e7\u00f5es ajuizadas at\u00e9 dois anos depois de sua sa\u00edda.<\/p>\n\n\n\n<p>Todavia, o TST decidiu de forma contr\u00e1ria por entender que os fatos ocorreram antes da reforma trabalhista, n\u00e3o sendo poss\u00edvel retroagir seus efeitos para dificultar a execu\u00e7\u00e3o e prejudicar a trabalhadora. Desta forma, a ex s\u00f3cia responder\u00e1 pelo tempo em que ela foi s\u00f3cia e havia o v\u00ednculo de emprego com a credora.&nbsp;<\/p>\n\n\n\n<p>A ministra do TST, Dela\u00edde Miranda Arantes, diz ser \u201cinaplic\u00e1vel a limita\u00e7\u00e3o temporal para a responsabilidade da s\u00f3cia, sob pena de retroatividade da lei em preju\u00edzo ao direito adquirido da empregada\u201d. A decis\u00e3o foi un\u00e2nime.<\/p>\n\n\n\n<p>Processo: RR-103300-08.1998.5.02.0441 &#8211; Fonte: <a href=\"https:\/\/www.tst.jus.br\/\">https:\/\/www.tst.jus.br\/<\/a><\/p>\n\n\n\n<p>A equipe de Consultores de Grupo Ciatos \u00e9 especializada em direito trabalhista empresarial.<\/p>\n\n\n\n<p><strong>Quer conhecer um pouco mais sobre o <\/strong><strong>Grupo Ciatos?<\/strong><\/p>\n\n\n\n<p>Preencha o formul\u00e1rio abaixo que um dos Consultores&nbsp;Ciatos&nbsp;entrar\u00e1 em contato para agendar uma visita.&nbsp;<\/p>\n","protected":false},"excerpt":{"rendered":"<p>O s\u00f3cio que se retirou da sociedade vai responder por d\u00e9bitos trabalhistas at\u00e9 quando? Esta \u00e9 uma preocupa\u00e7\u00e3o de muitos empres\u00e1rios que um dia foram s\u00f3cios de uma empresa e, de repente, se encontram envolvidos em uma execu\u00e7\u00e3o trabalhista da antiga empresa. O Tribunal Superior do Trabalho (TST), em decis\u00e3o recente, entendeu que mesmo ap\u00f3s [&hellip;]<\/p>\n","protected":false},"author":1,"featured_media":15350,"comment_status":"open","ping_status":"open","sticky":false,"template":"","format":"standard","meta":{"inline_featured_image":false,"footnotes":""},"categories":[266],"tags":[2130,1218,2131],"_segmentos":[],"class_list":["post-15745","post","type-post","status-publish","format-standard","has-post-thumbnail","hentry","category-juridico","tag-ate-2-anos-o-socio-responde-por-credito-trabalhista","tag-execucao-trabalhista","tag-socio-que-se-retirou-da-sociedade"],"yoast_head":"<!-- This site is optimized with the Yoast SEO plugin v26.4 - https:\/\/yoast.com\/wordpress\/plugins\/seo\/ -->\n<title>EX S\u00d3CIA RESPONDE POR DIREITOS TRABALHISTAS. A REGRA DE RESPONSABILIDADE POR APENAS 2 ANOS AP\u00d3S A RETIRADA DA SOCIEDADE FOI FLEXIBILIZADA PELO TST - Grupo Ciatos<\/title>\n<meta name=\"robots\" content=\"index, follow, max-snippet:-1, max-image-preview:large, max-video-preview:-1\" \/>\n<link rel=\"canonical\" href=\"https:\/\/www.grupociatos.com.br\/?p=15745\" \/>\n<meta property=\"og:locale\" content=\"pt_BR\" \/>\n<meta property=\"og:type\" content=\"article\" \/>\n<meta property=\"og:title\" content=\"EX S\u00d3CIA RESPONDE POR DIREITOS TRABALHISTAS. A REGRA DE RESPONSABILIDADE POR APENAS 2 ANOS AP\u00d3S A RETIRADA DA SOCIEDADE FOI FLEXIBILIZADA PELO TST - Grupo Ciatos\" \/>\n<meta property=\"og:description\" content=\"O s\u00f3cio que se retirou da sociedade vai responder por d\u00e9bitos trabalhistas at\u00e9 quando? Esta \u00e9 uma preocupa\u00e7\u00e3o de muitos empres\u00e1rios que um dia foram s\u00f3cios de uma empresa e, de repente, se encontram envolvidos em uma execu\u00e7\u00e3o trabalhista da antiga empresa. O Tribunal Superior do Trabalho (TST), em decis\u00e3o recente, entendeu que mesmo ap\u00f3s [&hellip;]\" \/>\n<meta property=\"og:url\" content=\"https:\/\/www.grupociatos.com.br\/?p=15745\" \/>\n<meta property=\"og:site_name\" content=\"Grupo Ciatos\" \/>\n<meta property=\"article:published_time\" content=\"2021-07-27T12:34:56+00:00\" \/>\n<meta property=\"og:image\" content=\"https:\/\/www.grupociatos.com.br\/wp-content\/uploads\/2021\/07\/962BE4E90E902EAFF59E2AB96E0D44F8A3CE_divida2.jpg\" \/>\n\t<meta property=\"og:image:width\" content=\"679\" \/>\n\t<meta property=\"og:image:height\" content=\"376\" \/>\n\t<meta property=\"og:image:type\" content=\"image\/jpeg\" \/>\n<meta name=\"author\" content=\"Grupo Ciatos\" \/>\n<meta name=\"twitter:card\" content=\"summary_large_image\" \/>\n<meta name=\"twitter:label1\" content=\"Written by\" \/>\n\t<meta name=\"twitter:data1\" content=\"Grupo Ciatos\" \/>\n\t<meta name=\"twitter:label2\" content=\"Est. reading time\" \/>\n\t<meta name=\"twitter:data2\" content=\"1 minuto\" \/>\n<script type=\"application\/ld+json\" class=\"yoast-schema-graph\">{\"@context\":\"https:\/\/schema.org\",\"@graph\":[{\"@type\":\"WebPage\",\"@id\":\"https:\/\/www.grupociatos.com.br\/?p=15745\",\"url\":\"https:\/\/www.grupociatos.com.br\/?p=15745\",\"name\":\"EX S\u00d3CIA RESPONDE POR DIREITOS TRABALHISTAS. A REGRA DE RESPONSABILIDADE POR APENAS 2 ANOS AP\u00d3S A RETIRADA DA SOCIEDADE FOI FLEXIBILIZADA PELO TST - Grupo Ciatos\",\"isPartOf\":{\"@id\":\"https:\/\/www.grupociatos.com.br\/#website\"},\"primaryImageOfPage\":{\"@id\":\"https:\/\/www.grupociatos.com.br\/?p=15745#primaryimage\"},\"image\":{\"@id\":\"https:\/\/www.grupociatos.com.br\/?p=15745#primaryimage\"},\"thumbnailUrl\":\"https:\/\/www.grupociatos.com.br\/wp-content\/uploads\/2021\/07\/962BE4E90E902EAFF59E2AB96E0D44F8A3CE_divida2.jpg\",\"datePublished\":\"2021-07-27T12:34:56+00:00\",\"author\":{\"@id\":\"https:\/\/www.grupociatos.com.br\/#\/schema\/person\/c3d1c2165562e77b89deb88dec0b71c9\"},\"breadcrumb\":{\"@id\":\"https:\/\/www.grupociatos.com.br\/?p=15745#breadcrumb\"},\"inLanguage\":\"pt-BR\",\"potentialAction\":[{\"@type\":\"ReadAction\",\"target\":[\"https:\/\/www.grupociatos.com.br\/?p=15745\"]}]},{\"@type\":\"ImageObject\",\"inLanguage\":\"pt-BR\",\"@id\":\"https:\/\/www.grupociatos.com.br\/?p=15745#primaryimage\",\"url\":\"https:\/\/www.grupociatos.com.br\/wp-content\/uploads\/2021\/07\/962BE4E90E902EAFF59E2AB96E0D44F8A3CE_divida2.jpg\",\"contentUrl\":\"https:\/\/www.grupociatos.com.br\/wp-content\/uploads\/2021\/07\/962BE4E90E902EAFF59E2AB96E0D44F8A3CE_divida2.jpg\",\"width\":679,\"height\":376},{\"@type\":\"BreadcrumbList\",\"@id\":\"https:\/\/www.grupociatos.com.br\/?p=15745#breadcrumb\",\"itemListElement\":[{\"@type\":\"ListItem\",\"position\":1,\"name\":\"Home\",\"item\":\"https:\/\/www.grupociatos.com.br\/\"},{\"@type\":\"ListItem\",\"position\":2,\"name\":\"EX S\u00d3CIA RESPONDE POR DIREITOS TRABALHISTAS. A REGRA DE RESPONSABILIDADE POR APENAS 2 ANOS AP\u00d3S A RETIRADA DA SOCIEDADE FOI FLEXIBILIZADA PELO TST\"}]},{\"@type\":\"WebSite\",\"@id\":\"https:\/\/www.grupociatos.com.br\/#website\",\"url\":\"https:\/\/www.grupociatos.com.br\/\",\"name\":\"Grupo Ciatos\",\"description\":\"\",\"potentialAction\":[{\"@type\":\"SearchAction\",\"target\":{\"@type\":\"EntryPoint\",\"urlTemplate\":\"https:\/\/www.grupociatos.com.br\/?s={search_term_string}\"},\"query-input\":{\"@type\":\"PropertyValueSpecification\",\"valueRequired\":true,\"valueName\":\"search_term_string\"}}],\"inLanguage\":\"pt-BR\"},{\"@type\":\"Person\",\"@id\":\"https:\/\/www.grupociatos.com.br\/#\/schema\/person\/c3d1c2165562e77b89deb88dec0b71c9\",\"name\":\"Grupo Ciatos\",\"image\":{\"@type\":\"ImageObject\",\"inLanguage\":\"pt-BR\",\"@id\":\"https:\/\/www.grupociatos.com.br\/#\/schema\/person\/image\/\",\"url\":\"https:\/\/secure.gravatar.com\/avatar\/af80136d966725a0ae580ab51908e940da73c4073e4a1ab3919ae432f1ed6112?s=96&d=mm&r=g\",\"contentUrl\":\"https:\/\/secure.gravatar.com\/avatar\/af80136d966725a0ae580ab51908e940da73c4073e4a1ab3919ae432f1ed6112?s=96&d=mm&r=g\",\"caption\":\"Grupo Ciatos\"},\"sameAs\":[\"https:\/\/www.grupociatos.com.br\"],\"url\":\"https:\/\/www.grupociatos.com.br\/?author=1\"}]}<\/script>\n<!-- \/ Yoast SEO plugin. -->","yoast_head_json":{"title":"EX S\u00d3CIA RESPONDE POR DIREITOS TRABALHISTAS. A REGRA DE RESPONSABILIDADE POR APENAS 2 ANOS AP\u00d3S A RETIRADA DA SOCIEDADE FOI FLEXIBILIZADA PELO TST - Grupo Ciatos","robots":{"index":"index","follow":"follow","max-snippet":"max-snippet:-1","max-image-preview":"max-image-preview:large","max-video-preview":"max-video-preview:-1"},"canonical":"https:\/\/www.grupociatos.com.br\/?p=15745","og_locale":"pt_BR","og_type":"article","og_title":"EX S\u00d3CIA RESPONDE POR DIREITOS TRABALHISTAS. A REGRA DE RESPONSABILIDADE POR APENAS 2 ANOS AP\u00d3S A RETIRADA DA SOCIEDADE FOI FLEXIBILIZADA PELO TST - Grupo Ciatos","og_description":"O s\u00f3cio que se retirou da sociedade vai responder por d\u00e9bitos trabalhistas at\u00e9 quando? Esta \u00e9 uma preocupa\u00e7\u00e3o de muitos empres\u00e1rios que um dia foram s\u00f3cios de uma empresa e, de repente, se encontram envolvidos em uma execu\u00e7\u00e3o trabalhista da antiga empresa. O Tribunal Superior do Trabalho (TST), em decis\u00e3o recente, entendeu que mesmo ap\u00f3s [&hellip;]","og_url":"https:\/\/www.grupociatos.com.br\/?p=15745","og_site_name":"Grupo Ciatos","article_published_time":"2021-07-27T12:34:56+00:00","og_image":[{"width":679,"height":376,"url":"https:\/\/www.grupociatos.com.br\/wp-content\/uploads\/2021\/07\/962BE4E90E902EAFF59E2AB96E0D44F8A3CE_divida2.jpg","type":"image\/jpeg"}],"author":"Grupo Ciatos","twitter_card":"summary_large_image","twitter_misc":{"Written by":"Grupo Ciatos","Est. reading time":"1 minuto"},"schema":{"@context":"https:\/\/schema.org","@graph":[{"@type":"WebPage","@id":"https:\/\/www.grupociatos.com.br\/?p=15745","url":"https:\/\/www.grupociatos.com.br\/?p=15745","name":"EX S\u00d3CIA RESPONDE POR DIREITOS TRABALHISTAS. A REGRA DE RESPONSABILIDADE POR APENAS 2 ANOS AP\u00d3S A RETIRADA DA SOCIEDADE FOI FLEXIBILIZADA PELO TST - Grupo Ciatos","isPartOf":{"@id":"https:\/\/www.grupociatos.com.br\/#website"},"primaryImageOfPage":{"@id":"https:\/\/www.grupociatos.com.br\/?p=15745#primaryimage"},"image":{"@id":"https:\/\/www.grupociatos.com.br\/?p=15745#primaryimage"},"thumbnailUrl":"https:\/\/www.grupociatos.com.br\/wp-content\/uploads\/2021\/07\/962BE4E90E902EAFF59E2AB96E0D44F8A3CE_divida2.jpg","datePublished":"2021-07-27T12:34:56+00:00","author":{"@id":"https:\/\/www.grupociatos.com.br\/#\/schema\/person\/c3d1c2165562e77b89deb88dec0b71c9"},"breadcrumb":{"@id":"https:\/\/www.grupociatos.com.br\/?p=15745#breadcrumb"},"inLanguage":"pt-BR","potentialAction":[{"@type":"ReadAction","target":["https:\/\/www.grupociatos.com.br\/?p=15745"]}]},{"@type":"ImageObject","inLanguage":"pt-BR","@id":"https:\/\/www.grupociatos.com.br\/?p=15745#primaryimage","url":"https:\/\/www.grupociatos.com.br\/wp-content\/uploads\/2021\/07\/962BE4E90E902EAFF59E2AB96E0D44F8A3CE_divida2.jpg","contentUrl":"https:\/\/www.grupociatos.com.br\/wp-content\/uploads\/2021\/07\/962BE4E90E902EAFF59E2AB96E0D44F8A3CE_divida2.jpg","width":679,"height":376},{"@type":"BreadcrumbList","@id":"https:\/\/www.grupociatos.com.br\/?p=15745#breadcrumb","itemListElement":[{"@type":"ListItem","position":1,"name":"Home","item":"https:\/\/www.grupociatos.com.br\/"},{"@type":"ListItem","position":2,"name":"EX S\u00d3CIA RESPONDE POR DIREITOS TRABALHISTAS. A REGRA DE RESPONSABILIDADE POR APENAS 2 ANOS AP\u00d3S A RETIRADA DA SOCIEDADE FOI FLEXIBILIZADA PELO TST"}]},{"@type":"WebSite","@id":"https:\/\/www.grupociatos.com.br\/#website","url":"https:\/\/www.grupociatos.com.br\/","name":"Grupo Ciatos","description":"","potentialAction":[{"@type":"SearchAction","target":{"@type":"EntryPoint","urlTemplate":"https:\/\/www.grupociatos.com.br\/?s={search_term_string}"},"query-input":{"@type":"PropertyValueSpecification","valueRequired":true,"valueName":"search_term_string"}}],"inLanguage":"pt-BR"},{"@type":"Person","@id":"https:\/\/www.grupociatos.com.br\/#\/schema\/person\/c3d1c2165562e77b89deb88dec0b71c9","name":"Grupo Ciatos","image":{"@type":"ImageObject","inLanguage":"pt-BR","@id":"https:\/\/www.grupociatos.com.br\/#\/schema\/person\/image\/","url":"https:\/\/secure.gravatar.com\/avatar\/af80136d966725a0ae580ab51908e940da73c4073e4a1ab3919ae432f1ed6112?s=96&d=mm&r=g","contentUrl":"https:\/\/secure.gravatar.com\/avatar\/af80136d966725a0ae580ab51908e940da73c4073e4a1ab3919ae432f1ed6112?s=96&d=mm&r=g","caption":"Grupo Ciatos"},"sameAs":["https:\/\/www.grupociatos.com.br"],"url":"https:\/\/www.grupociatos.com.br\/?author=1"}]}},"_links":{"self":[{"href":"https:\/\/www.grupociatos.com.br\/index.php?rest_route=\/wp\/v2\/posts\/15745","targetHints":{"allow":["GET"]}}],"collection":[{"href":"https:\/\/www.grupociatos.com.br\/index.php?rest_route=\/wp\/v2\/posts"}],"about":[{"href":"https:\/\/www.grupociatos.com.br\/index.php?rest_route=\/wp\/v2\/types\/post"}],"author":[{"embeddable":true,"href":"https:\/\/www.grupociatos.com.br\/index.php?rest_route=\/wp\/v2\/users\/1"}],"replies":[{"embeddable":true,"href":"https:\/\/www.grupociatos.com.br\/index.php?rest_route=%2Fwp%2Fv2%2Fcomments&post=15745"}],"version-history":[{"count":0,"href":"https:\/\/www.grupociatos.com.br\/index.php?rest_route=\/wp\/v2\/posts\/15745\/revisions"}],"wp:featuredmedia":[{"embeddable":true,"href":"https:\/\/www.grupociatos.com.br\/index.php?rest_route=\/wp\/v2\/media\/15350"}],"wp:attachment":[{"href":"https:\/\/www.grupociatos.com.br\/index.php?rest_route=%2Fwp%2Fv2%2Fmedia&parent=15745"}],"wp:term":[{"taxonomy":"category","embeddable":true,"href":"https:\/\/www.grupociatos.com.br\/index.php?rest_route=%2Fwp%2Fv2%2Fcategories&post=15745"},{"taxonomy":"post_tag","embeddable":true,"href":"https:\/\/www.grupociatos.com.br\/index.php?rest_route=%2Fwp%2Fv2%2Ftags&post=15745"},{"taxonomy":"_segmentos","embeddable":true,"href":"https:\/\/www.grupociatos.com.br\/index.php?rest_route=%2Fwp%2Fv2%2F_segmentos&post=15745"}],"curies":[{"name":"wp","href":"https:\/\/api.w.org\/{rel}","templated":true}]}}