{"id":4939,"date":"2016-08-17T09:37:07","date_gmt":"2016-08-17T12:37:07","guid":{"rendered":"https:\/\/grupociatos.com.br\/?p=4939"},"modified":"2016-08-17T09:37:07","modified_gmt":"2016-08-17T12:37:07","slug":"base-de-calculo-do-ipi-vendas-prazo","status":"publish","type":"post","link":"https:\/\/www.grupociatos.com.br\/?p=4939","title":{"rendered":"QUAL A BASE DE C\u00c1LCULO DO IPI NAS VENDAS A PRAZO?"},"content":{"rendered":"<p style=\"text-align: justify;\">jA Segunda Turma do Superior Tribunal de Justi\u00e7a, no Recurso Especial n\u00b0 1.586.158-SP, cujo Relator foi o Ministro Herman Benjamin, julgado em 3\/5\/2016, DJe 25\/5\/2016, entendeu que a base de c\u00e1lculo do IPI na\u00a0<em>venda a prazo<\/em>\u00a0\u00e9 o pre\u00e7o &#8220;normal&#8221; da mercadoria (pre\u00e7o de venda \u00e0 vista) mais os eventuais acr\u00e9scimos decorrentes do parcelamento.<\/p>\n<p style=\"text-align: justify;\">A base de c\u00e1lculo do IPI nas opera\u00e7\u00f5es internas vem estabelecida no art. 47, II, do CTN e corresponde ao valor da opera\u00e7\u00e3o:<\/p>\n<p style=\"text-align: justify;\"><em>&#8220;Art. 47. A base de c\u00e1lculo do imposto \u00e9: (&#8230;) II &#8211; no caso do inciso II do artigo anterior: a) o valor da opera\u00e7\u00e3o de que decorrer a sa\u00edda da mercadoria; b) na falta do valor a que se refere a al\u00ednea anterior, o pre\u00e7o corrente da mercadoria, ou sua similar, no mercado atacadista da pra\u00e7a do remetente;&#8221;<\/em><\/p>\n<p style=\"text-align: justify;\">A lei n\u00e3o trata de como foi formado o valor da opera\u00e7\u00e3o, de racioc\u00ednios que seriam at\u00e9 mesmo imposs\u00edveis de serem concretizados na pr\u00e1tica como cogitar de que &#8220;x&#8221; por cento do pre\u00e7o corresponde aos custos de produ\u00e7\u00e3o, &#8220;y&#8221; por cento corresponde ao lucro, &#8220;z&#8221; por cento corresponde aos impostos, etc. O que importa \u00e9 o custo total da opera\u00e7\u00e3o, sendo irrelevante de que forma o vendedor chegou ao valor que cobrou pelo produto por ele comercializado.<\/p>\n<p style=\"text-align: justify;\">Ao contr\u00e1rio disto aconteceria se o comprador, n\u00e3o tendo como pagar \u00e0 vista, contratasse um financiamento para a compra. Nessa hip\u00f3tese, se o pre\u00e7o da opera\u00e7\u00e3o fosse R$ 1.000,00 a base de c\u00e1lculo do IPI seria esse exato valor, ainda que para poder pag\u00e1-lo o comprador acabasse por pagar \u00e0 financeira os R$ 1.000,00 mais R$ 200,00 de juros.<\/p>\n<p style=\"text-align: justify;\">Neste caso, n\u00e3o haveria de se pensar em incid\u00eancia de IPI sobre esses R$ 200,00, pois estes n\u00e3o comporiam o pre\u00e7o da opera\u00e7\u00e3o, constituindo remunera\u00e7\u00e3o pelo capital obtido em empr\u00e9stimo para pagar a compra. O imposto que incidiria sobre esses R$ 200,00 seria apenas o IOF, que \u00e9 o imposto incidente sobre juros de financiamento.<\/p>\n<p style=\"text-align: justify;\">Al\u00e9m do mais, n\u00e3o \u00e9 poss\u00edvel extrair do fato de que o pre\u00e7o \u00e0 vista \u00e9 normalmente menor que o pre\u00e7o a prazo a conclus\u00e3o de que a diferen\u00e7a entre eles corresponde aos juros.<\/p>\n<p style=\"text-align: justify;\">Ademais, como se sabe, o IPI e o ICMS s\u00e3o dois impostos extremamente semelhantes. Assim, problemas muito semelhantes surgem nos dois impostos e, a menos que exista explica\u00e7\u00e3o derivada de algum tratamento legislativo espec\u00edfico diferente, a l\u00f3gica \u00e9 que a solu\u00e7\u00e3o adotada seja a mesma. Ora, no \u00e2mbito do ICMS, a tese de que na venda a prazo existem\u00a0<em>juros<\/em>\u00a0como na venda financiada e estes n\u00e3o deveriam compor a base de c\u00e1lculo do imposto j\u00e1 foi definitivamente dirimida pela Primeira Se\u00e7\u00e3o do STJ, em julgamento realizado sob a sistem\u00e1tica dos recursos repetitivos (REsp 1.106.462-SP, DJe 13\/10\/2009): &#8220;A base de c\u00e1lculo do ICMS sobre a venda a prazo, sem intermedia\u00e7\u00e3o de institui\u00e7\u00e3o financeira, \u00e9 o valor total da opera\u00e7\u00e3o&#8221;.<\/p>\n<p>A equipe de consultores do Grupo Ciatos se coloca \u00e0 disposi\u00e7\u00e3o para solucionar eventuais d\u00favidas.<\/p>\n<p><strong>Quer conhecer um pouco mais sobre o <\/strong><strong>Grupo Ciatos?<\/strong><\/p>\n<p>Preencha o formul\u00e1rio abaixo que um dos Consultores\u00a0Ciatos\u00a0entrar\u00e1 em contato para agendar uma visita.<\/p>\n","protected":false},"excerpt":{"rendered":"<p>jA Segunda Turma do Superior Tribunal de Justi\u00e7a, no Recurso Especial n\u00b0 1.586.158-SP, cujo Relator foi o Ministro Herman Benjamin, julgado em 3\/5\/2016, DJe 25\/5\/2016, entendeu que a base de c\u00e1lculo do IPI na\u00a0venda a prazo\u00a0\u00e9 o pre\u00e7o &#8220;normal&#8221; da mercadoria (pre\u00e7o de venda \u00e0 vista) mais os eventuais acr\u00e9scimos decorrentes do parcelamento. A base [&hellip;]<\/p>\n","protected":false},"author":1,"featured_media":5850,"comment_status":"open","ping_status":"open","sticky":false,"template":"","format":"standard","meta":{"inline_featured_image":false,"footnotes":""},"categories":[267],"tags":[379,162,380,381,187,382],"_segmentos":[],"class_list":["post-4939","post","type-post","status-publish","format-standard","has-post-thumbnail","hentry","category-tributos","tag-comercio","tag-imposto","tag-ipi","tag-prazo","tag-tributo","tag-venda"],"yoast_head":"<!-- This site is optimized with the Yoast SEO plugin v26.4 - https:\/\/yoast.com\/wordpress\/plugins\/seo\/ -->\n<title>QUAL A BASE DE C\u00c1LCULO DO IPI NAS VENDAS A PRAZO? - Grupo Ciatos<\/title>\n<meta name=\"robots\" content=\"index, follow, max-snippet:-1, max-image-preview:large, max-video-preview:-1\" \/>\n<link rel=\"canonical\" href=\"https:\/\/www.grupociatos.com.br\/?p=4939\" \/>\n<meta property=\"og:locale\" content=\"pt_BR\" \/>\n<meta property=\"og:type\" content=\"article\" \/>\n<meta property=\"og:title\" content=\"QUAL A BASE DE C\u00c1LCULO DO IPI NAS VENDAS A PRAZO? - Grupo Ciatos\" \/>\n<meta property=\"og:description\" content=\"jA Segunda Turma do Superior Tribunal de Justi\u00e7a, no Recurso Especial n\u00b0 1.586.158-SP, cujo Relator foi o Ministro Herman Benjamin, julgado em 3\/5\/2016, DJe 25\/5\/2016, entendeu que a base de c\u00e1lculo do IPI na\u00a0venda a prazo\u00a0\u00e9 o pre\u00e7o &#8220;normal&#8221; da mercadoria (pre\u00e7o de venda \u00e0 vista) mais os eventuais acr\u00e9scimos decorrentes do parcelamento. A base [&hellip;]\" \/>\n<meta property=\"og:url\" content=\"https:\/\/www.grupociatos.com.br\/?p=4939\" \/>\n<meta property=\"og:site_name\" content=\"Grupo Ciatos\" \/>\n<meta property=\"article:published_time\" content=\"2016-08-17T12:37:07+00:00\" \/>\n<meta name=\"author\" content=\"Grupo Ciatos\" \/>\n<meta name=\"twitter:card\" content=\"summary_large_image\" \/>\n<meta name=\"twitter:label1\" content=\"Written by\" \/>\n\t<meta name=\"twitter:data1\" content=\"Grupo Ciatos\" \/>\n\t<meta name=\"twitter:label2\" content=\"Est. reading time\" \/>\n\t<meta name=\"twitter:data2\" content=\"3 minutos\" \/>\n<script type=\"application\/ld+json\" class=\"yoast-schema-graph\">{\"@context\":\"https:\/\/schema.org\",\"@graph\":[{\"@type\":\"WebPage\",\"@id\":\"https:\/\/www.grupociatos.com.br\/?p=4939\",\"url\":\"https:\/\/www.grupociatos.com.br\/?p=4939\",\"name\":\"QUAL A BASE DE C\u00c1LCULO DO IPI NAS VENDAS A PRAZO? - Grupo Ciatos\",\"isPartOf\":{\"@id\":\"https:\/\/www.grupociatos.com.br\/#website\"},\"primaryImageOfPage\":{\"@id\":\"https:\/\/www.grupociatos.com.br\/?p=4939#primaryimage\"},\"image\":{\"@id\":\"https:\/\/www.grupociatos.com.br\/?p=4939#primaryimage\"},\"thumbnailUrl\":\"\",\"datePublished\":\"2016-08-17T12:37:07+00:00\",\"author\":{\"@id\":\"https:\/\/www.grupociatos.com.br\/#\/schema\/person\/c3d1c2165562e77b89deb88dec0b71c9\"},\"breadcrumb\":{\"@id\":\"https:\/\/www.grupociatos.com.br\/?p=4939#breadcrumb\"},\"inLanguage\":\"pt-BR\",\"potentialAction\":[{\"@type\":\"ReadAction\",\"target\":[\"https:\/\/www.grupociatos.com.br\/?p=4939\"]}]},{\"@type\":\"ImageObject\",\"inLanguage\":\"pt-BR\",\"@id\":\"https:\/\/www.grupociatos.com.br\/?p=4939#primaryimage\",\"url\":\"\",\"contentUrl\":\"\"},{\"@type\":\"BreadcrumbList\",\"@id\":\"https:\/\/www.grupociatos.com.br\/?p=4939#breadcrumb\",\"itemListElement\":[{\"@type\":\"ListItem\",\"position\":1,\"name\":\"Home\",\"item\":\"https:\/\/www.grupociatos.com.br\/\"},{\"@type\":\"ListItem\",\"position\":2,\"name\":\"QUAL A BASE DE C\u00c1LCULO DO IPI NAS VENDAS A PRAZO?\"}]},{\"@type\":\"WebSite\",\"@id\":\"https:\/\/www.grupociatos.com.br\/#website\",\"url\":\"https:\/\/www.grupociatos.com.br\/\",\"name\":\"Grupo Ciatos\",\"description\":\"\",\"potentialAction\":[{\"@type\":\"SearchAction\",\"target\":{\"@type\":\"EntryPoint\",\"urlTemplate\":\"https:\/\/www.grupociatos.com.br\/?s={search_term_string}\"},\"query-input\":{\"@type\":\"PropertyValueSpecification\",\"valueRequired\":true,\"valueName\":\"search_term_string\"}}],\"inLanguage\":\"pt-BR\"},{\"@type\":\"Person\",\"@id\":\"https:\/\/www.grupociatos.com.br\/#\/schema\/person\/c3d1c2165562e77b89deb88dec0b71c9\",\"name\":\"Grupo Ciatos\",\"image\":{\"@type\":\"ImageObject\",\"inLanguage\":\"pt-BR\",\"@id\":\"https:\/\/www.grupociatos.com.br\/#\/schema\/person\/image\/\",\"url\":\"https:\/\/secure.gravatar.com\/avatar\/af80136d966725a0ae580ab51908e940da73c4073e4a1ab3919ae432f1ed6112?s=96&d=mm&r=g\",\"contentUrl\":\"https:\/\/secure.gravatar.com\/avatar\/af80136d966725a0ae580ab51908e940da73c4073e4a1ab3919ae432f1ed6112?s=96&d=mm&r=g\",\"caption\":\"Grupo Ciatos\"},\"sameAs\":[\"https:\/\/www.grupociatos.com.br\"],\"url\":\"https:\/\/www.grupociatos.com.br\/?author=1\"}]}<\/script>\n<!-- \/ Yoast SEO plugin. -->","yoast_head_json":{"title":"QUAL A BASE DE C\u00c1LCULO DO IPI NAS VENDAS A PRAZO? - Grupo Ciatos","robots":{"index":"index","follow":"follow","max-snippet":"max-snippet:-1","max-image-preview":"max-image-preview:large","max-video-preview":"max-video-preview:-1"},"canonical":"https:\/\/www.grupociatos.com.br\/?p=4939","og_locale":"pt_BR","og_type":"article","og_title":"QUAL A BASE DE C\u00c1LCULO DO IPI NAS VENDAS A PRAZO? - Grupo Ciatos","og_description":"jA Segunda Turma do Superior Tribunal de Justi\u00e7a, no Recurso Especial n\u00b0 1.586.158-SP, cujo Relator foi o Ministro Herman Benjamin, julgado em 3\/5\/2016, DJe 25\/5\/2016, entendeu que a base de c\u00e1lculo do IPI na\u00a0venda a prazo\u00a0\u00e9 o pre\u00e7o &#8220;normal&#8221; da mercadoria (pre\u00e7o de venda \u00e0 vista) mais os eventuais acr\u00e9scimos decorrentes do parcelamento. A base [&hellip;]","og_url":"https:\/\/www.grupociatos.com.br\/?p=4939","og_site_name":"Grupo Ciatos","article_published_time":"2016-08-17T12:37:07+00:00","author":"Grupo Ciatos","twitter_card":"summary_large_image","twitter_misc":{"Written by":"Grupo Ciatos","Est. reading time":"3 minutos"},"schema":{"@context":"https:\/\/schema.org","@graph":[{"@type":"WebPage","@id":"https:\/\/www.grupociatos.com.br\/?p=4939","url":"https:\/\/www.grupociatos.com.br\/?p=4939","name":"QUAL A BASE DE C\u00c1LCULO DO IPI NAS VENDAS A PRAZO? - Grupo Ciatos","isPartOf":{"@id":"https:\/\/www.grupociatos.com.br\/#website"},"primaryImageOfPage":{"@id":"https:\/\/www.grupociatos.com.br\/?p=4939#primaryimage"},"image":{"@id":"https:\/\/www.grupociatos.com.br\/?p=4939#primaryimage"},"thumbnailUrl":"","datePublished":"2016-08-17T12:37:07+00:00","author":{"@id":"https:\/\/www.grupociatos.com.br\/#\/schema\/person\/c3d1c2165562e77b89deb88dec0b71c9"},"breadcrumb":{"@id":"https:\/\/www.grupociatos.com.br\/?p=4939#breadcrumb"},"inLanguage":"pt-BR","potentialAction":[{"@type":"ReadAction","target":["https:\/\/www.grupociatos.com.br\/?p=4939"]}]},{"@type":"ImageObject","inLanguage":"pt-BR","@id":"https:\/\/www.grupociatos.com.br\/?p=4939#primaryimage","url":"","contentUrl":""},{"@type":"BreadcrumbList","@id":"https:\/\/www.grupociatos.com.br\/?p=4939#breadcrumb","itemListElement":[{"@type":"ListItem","position":1,"name":"Home","item":"https:\/\/www.grupociatos.com.br\/"},{"@type":"ListItem","position":2,"name":"QUAL A BASE DE C\u00c1LCULO DO IPI NAS VENDAS A PRAZO?"}]},{"@type":"WebSite","@id":"https:\/\/www.grupociatos.com.br\/#website","url":"https:\/\/www.grupociatos.com.br\/","name":"Grupo Ciatos","description":"","potentialAction":[{"@type":"SearchAction","target":{"@type":"EntryPoint","urlTemplate":"https:\/\/www.grupociatos.com.br\/?s={search_term_string}"},"query-input":{"@type":"PropertyValueSpecification","valueRequired":true,"valueName":"search_term_string"}}],"inLanguage":"pt-BR"},{"@type":"Person","@id":"https:\/\/www.grupociatos.com.br\/#\/schema\/person\/c3d1c2165562e77b89deb88dec0b71c9","name":"Grupo Ciatos","image":{"@type":"ImageObject","inLanguage":"pt-BR","@id":"https:\/\/www.grupociatos.com.br\/#\/schema\/person\/image\/","url":"https:\/\/secure.gravatar.com\/avatar\/af80136d966725a0ae580ab51908e940da73c4073e4a1ab3919ae432f1ed6112?s=96&d=mm&r=g","contentUrl":"https:\/\/secure.gravatar.com\/avatar\/af80136d966725a0ae580ab51908e940da73c4073e4a1ab3919ae432f1ed6112?s=96&d=mm&r=g","caption":"Grupo Ciatos"},"sameAs":["https:\/\/www.grupociatos.com.br"],"url":"https:\/\/www.grupociatos.com.br\/?author=1"}]}},"_links":{"self":[{"href":"https:\/\/www.grupociatos.com.br\/index.php?rest_route=\/wp\/v2\/posts\/4939","targetHints":{"allow":["GET"]}}],"collection":[{"href":"https:\/\/www.grupociatos.com.br\/index.php?rest_route=\/wp\/v2\/posts"}],"about":[{"href":"https:\/\/www.grupociatos.com.br\/index.php?rest_route=\/wp\/v2\/types\/post"}],"author":[{"embeddable":true,"href":"https:\/\/www.grupociatos.com.br\/index.php?rest_route=\/wp\/v2\/users\/1"}],"replies":[{"embeddable":true,"href":"https:\/\/www.grupociatos.com.br\/index.php?rest_route=%2Fwp%2Fv2%2Fcomments&post=4939"}],"version-history":[{"count":0,"href":"https:\/\/www.grupociatos.com.br\/index.php?rest_route=\/wp\/v2\/posts\/4939\/revisions"}],"wp:featuredmedia":[{"embeddable":true,"href":"https:\/\/www.grupociatos.com.br\/index.php?rest_route=\/"}],"wp:attachment":[{"href":"https:\/\/www.grupociatos.com.br\/index.php?rest_route=%2Fwp%2Fv2%2Fmedia&parent=4939"}],"wp:term":[{"taxonomy":"category","embeddable":true,"href":"https:\/\/www.grupociatos.com.br\/index.php?rest_route=%2Fwp%2Fv2%2Fcategories&post=4939"},{"taxonomy":"post_tag","embeddable":true,"href":"https:\/\/www.grupociatos.com.br\/index.php?rest_route=%2Fwp%2Fv2%2Ftags&post=4939"},{"taxonomy":"_segmentos","embeddable":true,"href":"https:\/\/www.grupociatos.com.br\/index.php?rest_route=%2Fwp%2Fv2%2F_segmentos&post=4939"}],"curies":[{"name":"wp","href":"https:\/\/api.w.org\/{rel}","templated":true}]}}