{"id":4963,"date":"2016-09-12T11:02:41","date_gmt":"2016-09-12T14:02:41","guid":{"rendered":"https:\/\/grupociatos.com.br\/?p=4963"},"modified":"2016-09-12T11:02:41","modified_gmt":"2016-09-12T14:02:41","slug":"empregados-desacordo-lei-greve-dispensados-justa-causa","status":"publish","type":"post","link":"https:\/\/www.grupociatos.com.br\/?p=4963","title":{"rendered":"EMPREGADOS QUE ENTRAM EM DESACORDO COM AS REGRAS DA LEI DE GREVE (LEI N\u00ba 7.783\/89) PODEM SER DISPENSADOS POR JUSTA CAUSA?"},"content":{"rendered":"<p style=\"text-align: justify;\">O Tribunal Superior do Trabalho (TST), ao analisar a quest\u00e3o entendeu que n\u00e3o. No caso analisado o TST rejeitou recurso da Companhia Agr\u00edcola e Pecu\u00e1ria Lincoln Junqueira contra decis\u00e3o que considerou incab\u00edvel a dispensa por justa causa de um cortador de cana que participou de paralisa\u00e7\u00e3o para reivindicar aumento do sal\u00e1rio. O movimento paredista de uma turma de mais de 46 empregados durou apenas um dia, e todos foram dispensados no mesmo dia.<\/p>\n<p style=\"text-align: justify;\">A empresa recorreu ao TST contra decis\u00e3o de primeiro e segundo graus da Justi\u00e7a do Trabalho da 15\u00aa Regi\u00e3o (Campinas-SP) que determinou o pagamento das verbas rescis\u00f3rias devidas nos casos de dispensas imotivadas. Para o Tribunal Regional do Trabalho, o fato de uma se\u00e7\u00e3o da empresa (a turma do trabalhador rural que ajuizou a a\u00e7\u00e3o) parar o trabalho em busca de melhoria salarial &#8220;n\u00e3o constitui ato de indisciplina ou de insubordina\u00e7\u00e3o, mas, sim, exerc\u00edcio do direito de greve&#8221;. O TRT entendeu que houve greve mesmo n\u00e3o tendo sido atendidas todas as regras da Lei de Greve (Lei n\u00ba 7.783, de 1989), especialmente a aus\u00eancia de negocia\u00e7\u00e3o pr\u00e9via, participa\u00e7\u00e3o do sindicato e comunica\u00e7\u00e3o formal com anteced\u00eancia de 48 horas.<\/p>\n<p style=\"text-align: justify;\">Em outro precedente sobre a dispensa por justa causa, em caso de greve, o TST no RO-5107- 61.2015.5.15.0000, SBDI-II, cujo Relator foi o Ministrno Alberto Luiz Bresciani de Fontan Pereira , DJE 28.6.2016, entendeu que a sonega\u00e7\u00e3o de trabalho junto ao tomador, com ado\u00e7\u00e3o de meios de coa\u00e7\u00e3o contra empregados que intentavam trabalhar, n\u00e3o justifica, por si s\u00f3, o despedimento de vinte e um trabalhadores por justa causa, sob a alega\u00e7\u00e3o de mau procedimento e des\u00eddia.<\/p>\n<p style=\"text-align: justify;\">Nos termos da S\u00famula n\u00ba 316 do STF, a simples ades\u00e3o a greve n\u00e3o constitui falta grave. Ademais, nos autos do mandado de seguran\u00e7a, n\u00e3o vieram provas pr\u00e9-constitu\u00eddas de que, quanto \u00e0 des\u00eddia, todos os empregados foram anteriormente punidos com san\u00e7\u00f5es mais brandas, conforme exigido pela jurisprud\u00eancia do TST.<\/p>\n<p style=\"text-align: justify;\">Outrossim, quanto ao mau procedimento, tamb\u00e9m n\u00e3o houve manifesta\u00e7\u00e3o sobre o conte\u00fado da referida conduta. Desse modo, ausentes maiores especifica\u00e7\u00f5es a respeito do comportamento coletivo que culminou na despedida dos empregados por justa causa, sobressai a verossimilhan\u00e7a da tese de que as despedidas constitu\u00edram t\u00e3o somente reprimenda \u00e0 a\u00e7\u00e3o coletiva dos trabalhadores, o que justifica o deferimento da antecipa\u00e7\u00e3o da tutela nos autos da reclama\u00e7\u00e3o trabalhista.<\/p>\n<p style=\"text-align: justify;\">Sob esses fundamentos, a SBDI-II, por unanimidade, conheceu do recurso ordin\u00e1rio e, no m\u00e9rito, por maioria, negou-lhe provimento, mantendo a decis\u00e3o que, ao denegar a seguran\u00e7a, rejeitou o pedido de suspens\u00e3o da antecipa\u00e7\u00e3o da tutela por meio da qual se determinou a reintegra\u00e7\u00e3o dos vinte e um empregados. Vencido o Ministro Antonio Jos\u00e9 de Barros Levenhagen.<\/p>\n<p>A equipe de consultores do Grupo Ciatos se coloca \u00e0 disposi\u00e7\u00e3o para solucionar eventuais d\u00favidas.<\/p>\n<p><strong>Quer conhecer um pouco mais sobre o <\/strong><strong>Grupo Ciatos?<\/strong><\/p>\n<p>Preencha o formul\u00e1rio abaixo que um dos Consultores\u00a0Ciatos\u00a0entrar\u00e1 em contato para agendar uma visita.<\/p>\n","protected":false},"excerpt":{"rendered":"<p>O Tribunal Superior do Trabalho (TST), ao analisar a quest\u00e3o entendeu que n\u00e3o. No caso analisado o TST rejeitou recurso da Companhia Agr\u00edcola e Pecu\u00e1ria Lincoln Junqueira contra decis\u00e3o que considerou incab\u00edvel a dispensa por justa causa de um cortador de cana que participou de paralisa\u00e7\u00e3o para reivindicar aumento do sal\u00e1rio. O movimento paredista de [&hellip;]<\/p>\n","protected":false},"author":1,"featured_media":5856,"comment_status":"open","ping_status":"open","sticky":false,"template":"","format":"standard","meta":{"inline_featured_image":false,"footnotes":""},"categories":[266],"tags":[394,395,396,397,398],"_segmentos":[],"class_list":["post-4963","post","type-post","status-publish","format-standard","has-post-thumbnail","hentry","category-juridico","tag-greve","tag-justa-causa","tag-lei-de-greve","tag-trabalhista","tag-tst"],"yoast_head":"<!-- This site is optimized with the Yoast SEO plugin v26.4 - https:\/\/yoast.com\/wordpress\/plugins\/seo\/ -->\n<title>EMPREGADOS QUE ENTRAM EM DESACORDO COM AS REGRAS DA LEI DE GREVE (LEI N\u00ba 7.783\/89) PODEM SER DISPENSADOS POR JUSTA CAUSA? - Grupo Ciatos<\/title>\n<meta name=\"robots\" content=\"index, follow, max-snippet:-1, max-image-preview:large, max-video-preview:-1\" \/>\n<link rel=\"canonical\" href=\"https:\/\/www.grupociatos.com.br\/?p=4963\" \/>\n<meta property=\"og:locale\" content=\"pt_BR\" \/>\n<meta property=\"og:type\" content=\"article\" \/>\n<meta property=\"og:title\" content=\"EMPREGADOS QUE ENTRAM EM DESACORDO COM AS REGRAS DA LEI DE GREVE (LEI N\u00ba 7.783\/89) PODEM SER DISPENSADOS POR JUSTA CAUSA? - Grupo Ciatos\" \/>\n<meta property=\"og:description\" content=\"O Tribunal Superior do Trabalho (TST), ao analisar a quest\u00e3o entendeu que n\u00e3o. No caso analisado o TST rejeitou recurso da Companhia Agr\u00edcola e Pecu\u00e1ria Lincoln Junqueira contra decis\u00e3o que considerou incab\u00edvel a dispensa por justa causa de um cortador de cana que participou de paralisa\u00e7\u00e3o para reivindicar aumento do sal\u00e1rio. O movimento paredista de [&hellip;]\" \/>\n<meta property=\"og:url\" content=\"https:\/\/www.grupociatos.com.br\/?p=4963\" \/>\n<meta property=\"og:site_name\" content=\"Grupo Ciatos\" \/>\n<meta property=\"article:published_time\" content=\"2016-09-12T14:02:41+00:00\" \/>\n<meta name=\"author\" content=\"Grupo Ciatos\" \/>\n<meta name=\"twitter:card\" content=\"summary_large_image\" \/>\n<meta name=\"twitter:label1\" content=\"Written by\" \/>\n\t<meta name=\"twitter:data1\" content=\"Grupo Ciatos\" \/>\n\t<meta name=\"twitter:label2\" content=\"Est. reading time\" \/>\n\t<meta name=\"twitter:data2\" content=\"3 minutos\" \/>\n<script type=\"application\/ld+json\" class=\"yoast-schema-graph\">{\"@context\":\"https:\/\/schema.org\",\"@graph\":[{\"@type\":\"WebPage\",\"@id\":\"https:\/\/www.grupociatos.com.br\/?p=4963\",\"url\":\"https:\/\/www.grupociatos.com.br\/?p=4963\",\"name\":\"EMPREGADOS QUE ENTRAM EM DESACORDO COM AS REGRAS DA LEI DE GREVE (LEI N\u00ba 7.783\/89) PODEM SER DISPENSADOS POR JUSTA CAUSA? - Grupo Ciatos\",\"isPartOf\":{\"@id\":\"https:\/\/www.grupociatos.com.br\/#website\"},\"primaryImageOfPage\":{\"@id\":\"https:\/\/www.grupociatos.com.br\/?p=4963#primaryimage\"},\"image\":{\"@id\":\"https:\/\/www.grupociatos.com.br\/?p=4963#primaryimage\"},\"thumbnailUrl\":\"\",\"datePublished\":\"2016-09-12T14:02:41+00:00\",\"author\":{\"@id\":\"https:\/\/www.grupociatos.com.br\/#\/schema\/person\/c3d1c2165562e77b89deb88dec0b71c9\"},\"breadcrumb\":{\"@id\":\"https:\/\/www.grupociatos.com.br\/?p=4963#breadcrumb\"},\"inLanguage\":\"pt-BR\",\"potentialAction\":[{\"@type\":\"ReadAction\",\"target\":[\"https:\/\/www.grupociatos.com.br\/?p=4963\"]}]},{\"@type\":\"ImageObject\",\"inLanguage\":\"pt-BR\",\"@id\":\"https:\/\/www.grupociatos.com.br\/?p=4963#primaryimage\",\"url\":\"\",\"contentUrl\":\"\"},{\"@type\":\"BreadcrumbList\",\"@id\":\"https:\/\/www.grupociatos.com.br\/?p=4963#breadcrumb\",\"itemListElement\":[{\"@type\":\"ListItem\",\"position\":1,\"name\":\"Home\",\"item\":\"https:\/\/www.grupociatos.com.br\/\"},{\"@type\":\"ListItem\",\"position\":2,\"name\":\"EMPREGADOS QUE ENTRAM EM DESACORDO COM AS REGRAS DA LEI DE GREVE (LEI N\u00ba 7.783\/89) PODEM SER DISPENSADOS POR JUSTA CAUSA?\"}]},{\"@type\":\"WebSite\",\"@id\":\"https:\/\/www.grupociatos.com.br\/#website\",\"url\":\"https:\/\/www.grupociatos.com.br\/\",\"name\":\"Grupo Ciatos\",\"description\":\"\",\"potentialAction\":[{\"@type\":\"SearchAction\",\"target\":{\"@type\":\"EntryPoint\",\"urlTemplate\":\"https:\/\/www.grupociatos.com.br\/?s={search_term_string}\"},\"query-input\":{\"@type\":\"PropertyValueSpecification\",\"valueRequired\":true,\"valueName\":\"search_term_string\"}}],\"inLanguage\":\"pt-BR\"},{\"@type\":\"Person\",\"@id\":\"https:\/\/www.grupociatos.com.br\/#\/schema\/person\/c3d1c2165562e77b89deb88dec0b71c9\",\"name\":\"Grupo Ciatos\",\"image\":{\"@type\":\"ImageObject\",\"inLanguage\":\"pt-BR\",\"@id\":\"https:\/\/www.grupociatos.com.br\/#\/schema\/person\/image\/\",\"url\":\"https:\/\/secure.gravatar.com\/avatar\/af80136d966725a0ae580ab51908e940da73c4073e4a1ab3919ae432f1ed6112?s=96&d=mm&r=g\",\"contentUrl\":\"https:\/\/secure.gravatar.com\/avatar\/af80136d966725a0ae580ab51908e940da73c4073e4a1ab3919ae432f1ed6112?s=96&d=mm&r=g\",\"caption\":\"Grupo Ciatos\"},\"sameAs\":[\"https:\/\/www.grupociatos.com.br\"],\"url\":\"https:\/\/www.grupociatos.com.br\/?author=1\"}]}<\/script>\n<!-- \/ Yoast SEO plugin. -->","yoast_head_json":{"title":"EMPREGADOS QUE ENTRAM EM DESACORDO COM AS REGRAS DA LEI DE GREVE (LEI N\u00ba 7.783\/89) PODEM SER DISPENSADOS POR JUSTA CAUSA? - Grupo Ciatos","robots":{"index":"index","follow":"follow","max-snippet":"max-snippet:-1","max-image-preview":"max-image-preview:large","max-video-preview":"max-video-preview:-1"},"canonical":"https:\/\/www.grupociatos.com.br\/?p=4963","og_locale":"pt_BR","og_type":"article","og_title":"EMPREGADOS QUE ENTRAM EM DESACORDO COM AS REGRAS DA LEI DE GREVE (LEI N\u00ba 7.783\/89) PODEM SER DISPENSADOS POR JUSTA CAUSA? - Grupo Ciatos","og_description":"O Tribunal Superior do Trabalho (TST), ao analisar a quest\u00e3o entendeu que n\u00e3o. No caso analisado o TST rejeitou recurso da Companhia Agr\u00edcola e Pecu\u00e1ria Lincoln Junqueira contra decis\u00e3o que considerou incab\u00edvel a dispensa por justa causa de um cortador de cana que participou de paralisa\u00e7\u00e3o para reivindicar aumento do sal\u00e1rio. O movimento paredista de [&hellip;]","og_url":"https:\/\/www.grupociatos.com.br\/?p=4963","og_site_name":"Grupo Ciatos","article_published_time":"2016-09-12T14:02:41+00:00","author":"Grupo Ciatos","twitter_card":"summary_large_image","twitter_misc":{"Written by":"Grupo Ciatos","Est. reading time":"3 minutos"},"schema":{"@context":"https:\/\/schema.org","@graph":[{"@type":"WebPage","@id":"https:\/\/www.grupociatos.com.br\/?p=4963","url":"https:\/\/www.grupociatos.com.br\/?p=4963","name":"EMPREGADOS QUE ENTRAM EM DESACORDO COM AS REGRAS DA LEI DE GREVE (LEI N\u00ba 7.783\/89) PODEM SER DISPENSADOS POR JUSTA CAUSA? - Grupo Ciatos","isPartOf":{"@id":"https:\/\/www.grupociatos.com.br\/#website"},"primaryImageOfPage":{"@id":"https:\/\/www.grupociatos.com.br\/?p=4963#primaryimage"},"image":{"@id":"https:\/\/www.grupociatos.com.br\/?p=4963#primaryimage"},"thumbnailUrl":"","datePublished":"2016-09-12T14:02:41+00:00","author":{"@id":"https:\/\/www.grupociatos.com.br\/#\/schema\/person\/c3d1c2165562e77b89deb88dec0b71c9"},"breadcrumb":{"@id":"https:\/\/www.grupociatos.com.br\/?p=4963#breadcrumb"},"inLanguage":"pt-BR","potentialAction":[{"@type":"ReadAction","target":["https:\/\/www.grupociatos.com.br\/?p=4963"]}]},{"@type":"ImageObject","inLanguage":"pt-BR","@id":"https:\/\/www.grupociatos.com.br\/?p=4963#primaryimage","url":"","contentUrl":""},{"@type":"BreadcrumbList","@id":"https:\/\/www.grupociatos.com.br\/?p=4963#breadcrumb","itemListElement":[{"@type":"ListItem","position":1,"name":"Home","item":"https:\/\/www.grupociatos.com.br\/"},{"@type":"ListItem","position":2,"name":"EMPREGADOS QUE ENTRAM EM DESACORDO COM AS REGRAS DA LEI DE GREVE (LEI N\u00ba 7.783\/89) PODEM SER DISPENSADOS POR JUSTA CAUSA?"}]},{"@type":"WebSite","@id":"https:\/\/www.grupociatos.com.br\/#website","url":"https:\/\/www.grupociatos.com.br\/","name":"Grupo Ciatos","description":"","potentialAction":[{"@type":"SearchAction","target":{"@type":"EntryPoint","urlTemplate":"https:\/\/www.grupociatos.com.br\/?s={search_term_string}"},"query-input":{"@type":"PropertyValueSpecification","valueRequired":true,"valueName":"search_term_string"}}],"inLanguage":"pt-BR"},{"@type":"Person","@id":"https:\/\/www.grupociatos.com.br\/#\/schema\/person\/c3d1c2165562e77b89deb88dec0b71c9","name":"Grupo Ciatos","image":{"@type":"ImageObject","inLanguage":"pt-BR","@id":"https:\/\/www.grupociatos.com.br\/#\/schema\/person\/image\/","url":"https:\/\/secure.gravatar.com\/avatar\/af80136d966725a0ae580ab51908e940da73c4073e4a1ab3919ae432f1ed6112?s=96&d=mm&r=g","contentUrl":"https:\/\/secure.gravatar.com\/avatar\/af80136d966725a0ae580ab51908e940da73c4073e4a1ab3919ae432f1ed6112?s=96&d=mm&r=g","caption":"Grupo Ciatos"},"sameAs":["https:\/\/www.grupociatos.com.br"],"url":"https:\/\/www.grupociatos.com.br\/?author=1"}]}},"_links":{"self":[{"href":"https:\/\/www.grupociatos.com.br\/index.php?rest_route=\/wp\/v2\/posts\/4963","targetHints":{"allow":["GET"]}}],"collection":[{"href":"https:\/\/www.grupociatos.com.br\/index.php?rest_route=\/wp\/v2\/posts"}],"about":[{"href":"https:\/\/www.grupociatos.com.br\/index.php?rest_route=\/wp\/v2\/types\/post"}],"author":[{"embeddable":true,"href":"https:\/\/www.grupociatos.com.br\/index.php?rest_route=\/wp\/v2\/users\/1"}],"replies":[{"embeddable":true,"href":"https:\/\/www.grupociatos.com.br\/index.php?rest_route=%2Fwp%2Fv2%2Fcomments&post=4963"}],"version-history":[{"count":0,"href":"https:\/\/www.grupociatos.com.br\/index.php?rest_route=\/wp\/v2\/posts\/4963\/revisions"}],"wp:featuredmedia":[{"embeddable":true,"href":"https:\/\/www.grupociatos.com.br\/index.php?rest_route=\/"}],"wp:attachment":[{"href":"https:\/\/www.grupociatos.com.br\/index.php?rest_route=%2Fwp%2Fv2%2Fmedia&parent=4963"}],"wp:term":[{"taxonomy":"category","embeddable":true,"href":"https:\/\/www.grupociatos.com.br\/index.php?rest_route=%2Fwp%2Fv2%2Fcategories&post=4963"},{"taxonomy":"post_tag","embeddable":true,"href":"https:\/\/www.grupociatos.com.br\/index.php?rest_route=%2Fwp%2Fv2%2Ftags&post=4963"},{"taxonomy":"_segmentos","embeddable":true,"href":"https:\/\/www.grupociatos.com.br\/index.php?rest_route=%2Fwp%2Fv2%2F_segmentos&post=4963"}],"curies":[{"name":"wp","href":"https:\/\/api.w.org\/{rel}","templated":true}]}}