{"id":5344,"date":"2018-01-26T15:06:10","date_gmt":"2018-01-26T17:06:10","guid":{"rendered":"https:\/\/grupociatos.com.br\/?p=5344"},"modified":"2018-01-26T15:06:10","modified_gmt":"2018-01-26T17:06:10","slug":"protesto-cheque-prescrito-enseja-dano-moral","status":"publish","type":"post","link":"https:\/\/www.grupociatos.com.br\/?p=5344","title":{"rendered":"O PROTESTO DE CHEQUE PRESCRITO ENSEJA DANO MORAL?"},"content":{"rendered":"<p style=\"text-align: left;\">A quest\u00e3o do protesto de cheque ap\u00f3s o prazo da execu\u00e7\u00e3o cambial, que \u00e9 de 6 (seis) meses contados da expira\u00e7\u00e3o do prazo de apresenta\u00e7\u00e3o, \u00e9 uma quest\u00e3o com poucos precedentes no Judici\u00e1rio.<\/p>\n<p style=\"text-align: justify;\">Recentemente, a Terceira Turma do Superior Tribunal de Justi\u00e7a, no recurso Especial n\u00ba 1.677.772\/RJ, Relatora Ministra Nancy Andrighi, DJe 20\/11\/2017, entendeu que o protesto irregular de cheque prescrito n\u00e3o caracteriza abalo de cr\u00e9dito apto a ensejar danos morais ao devedor, se ainda remanescer ao credor vias alternativas para a cobran\u00e7a da d\u00edvida consubstanciada no t\u00edtulo.<\/p>\n<p style=\"text-align: justify;\">Nos fundamentos da decis\u00e3o, a Ministra Nancy Andrighi entendeu, inicialmente, que o apontamento de cheque a protesto mostra-se vi\u00e1vel dentro do prazo da execu\u00e7\u00e3o cambial \u2013 que \u00e9 de 6 (seis) meses contados da expira\u00e7\u00e3o do prazo de apresenta\u00e7\u00e3o \u2013, desde que indicados os devedores principais (emitente e seus avalistas).<\/p>\n<p style=\"text-align: justify;\">Em rela\u00e7\u00e3o aos coobrigados (endossantes e respectivos avalistas), o art. 48 da Lei n. 7.347\/1985 imp\u00f5e que o aponte a protesto seja realizado no prazo para apresenta\u00e7\u00e3o do t\u00edtulo ao sacado. N\u00e3o observados esses prazos, perde o portador o direito de sujeitar \u00e0 a\u00e7\u00e3o cambial executiva os coobrigados.<\/p>\n<p style=\"text-align: justify;\">Nada obstante, permanece ao credor a faculdade de protestar o cheque, indicando o nome dos devedores principais (emitente e respectivos avalistas), enquanto o t\u00edtulo se revestir dos requisitos da certeza, liquidez e exigibilidade, ou seja, enquanto n\u00e3o prescrita a a\u00e7\u00e3o cambi\u00e1ria executiva \u2013 orienta\u00e7\u00e3o essa consolidada pelo STJ por ocasi\u00e3o do julgamento do recurso especial repetitivo n. 1.423.464-SC.<\/p>\n<p style=\"text-align: justify;\">Especificamente quanto ao protesto considerado &#8220;indevido&#8221;, n\u00e3o se desconhece a exist\u00eancia de julgados deste Tribunal que afirmam que o dano moral, nessa situa\u00e7\u00e3o, se caracteriza\u00a0<em>in re ipsa<\/em>.<\/p>\n<p style=\"text-align: justify;\">Certo \u00e9 que a jurisprud\u00eancia do Superior Tribunal de Justi\u00e7a, de um modo geral, vem evoluindo para permitir que se observe o fato concreto e suas circunst\u00e2ncias, afastando o car\u00e1ter absoluto da presun\u00e7\u00e3o de exist\u00eancia de dano moral indeniz\u00e1vel. No \u00e2mbito do protesto irregular de t\u00edtulo de cr\u00e9dito, o reconhecimento do dano moral est\u00e1 inequivocamente atrelado \u00e0 ideia do abalo do cr\u00e9dito causado pela publicidade do ato notarial, que, naturalmente, faz associar ao devedor a pecha de &#8220;mau pagador&#8221; perante a pra\u00e7a.<\/p>\n<p style=\"text-align: justify;\">Todavia, na hip\u00f3tese em que o protesto \u00e9 irregular por estar prescrita a pretens\u00e3o execut\u00f3ria do credor, havendo, por\u00e9m, vias alternativas para a cobran\u00e7a da d\u00edvida consubstanciada no t\u00edtulo, n\u00e3o h\u00e1 se falar em abalo de cr\u00e9dito, na medida em que o emitente permanece na condi\u00e7\u00e3o de devedor, estando, de fato, impontual no pagamento.<\/p>\n<p style=\"text-align: justify;\">Nesse contexto, enquanto remanescer ao credor a faculdade de cobran\u00e7a da d\u00edvida \u2013 seja por meio do ajuizamento de a\u00e7\u00e3o cambial por locupletamento il\u00edcito, de a\u00e7\u00e3o de cobran\u00e7a fundada na rela\u00e7\u00e3o causal, e ainda, de a\u00e7\u00e3o monit\u00f3ria \u2013 permanece o devedor na condi\u00e7\u00e3o de inadimplente, raz\u00e3o pela qual n\u00e3o est\u00e1 caracterizado abalo de cr\u00e9dito apto a ensejar dano moral.<\/p>\n<p style=\"text-align: justify;\">Portanto, com base no precedente mencionado alhures, cabe concluir que o protesto irregular de cheque prescrito n\u00e3o caracteriza abalo de cr\u00e9dito apto a ensejar danos morais ao devedor, se ainda remanescer ao credor vias alternativas para a cobran\u00e7a da d\u00edvida consubstanciada no t\u00edtulo.<\/p>\n<p>A equipe de consultores do Grupo Ciatos se coloca \u00e0 disposi\u00e7\u00e3o para solucionar eventuais d\u00favidas.<\/p>\n<p><strong>Quer conhecer um pouco mais sobre o <\/strong><strong>Grupo Ciatos?<\/strong><\/p>\n<p>Preencha o formul\u00e1rio abaixo que um dos Consultores\u00a0Ciatos\u00a0entrar\u00e1 em contato para agendar uma visita.<\/p>\n","protected":false},"excerpt":{"rendered":"<p>A quest\u00e3o do protesto de cheque ap\u00f3s o prazo da execu\u00e7\u00e3o cambial, que \u00e9 de 6 (seis) meses contados da expira\u00e7\u00e3o do prazo de apresenta\u00e7\u00e3o, \u00e9 uma quest\u00e3o com poucos precedentes no Judici\u00e1rio. Recentemente, a Terceira Turma do Superior Tribunal de Justi\u00e7a, no recurso Especial n\u00ba 1.677.772\/RJ, Relatora Ministra Nancy Andrighi, DJe 20\/11\/2017, entendeu que [&hellip;]<\/p>\n","protected":false},"author":1,"featured_media":5899,"comment_status":"open","ping_status":"open","sticky":false,"template":"","format":"standard","meta":{"inline_featured_image":false,"footnotes":""},"categories":[266],"tags":[540,541,542,543],"_segmentos":[],"class_list":["post-5344","post","type-post","status-publish","format-standard","has-post-thumbnail","hentry","category-juridico","tag-a-questao-do-protesto-de-cheque-apos-o-prazo-da-execucao-cambial","tag-cobranca-da-divida-consubstanciada-no-titulo","tag-execucao-cambial","tag-o-protesto-de-cheque-prescrito-enseja-dano-moral"],"yoast_head":"<!-- This site is optimized with the Yoast SEO plugin v26.4 - https:\/\/yoast.com\/wordpress\/plugins\/seo\/ -->\n<title>O PROTESTO DE CHEQUE PRESCRITO ENSEJA DANO MORAL? - Grupo Ciatos<\/title>\n<meta name=\"robots\" content=\"index, follow, max-snippet:-1, max-image-preview:large, max-video-preview:-1\" \/>\n<link rel=\"canonical\" href=\"https:\/\/www.grupociatos.com.br\/?p=5344\" \/>\n<meta property=\"og:locale\" content=\"pt_BR\" \/>\n<meta property=\"og:type\" content=\"article\" \/>\n<meta property=\"og:title\" content=\"O PROTESTO DE CHEQUE PRESCRITO ENSEJA DANO MORAL? - Grupo Ciatos\" \/>\n<meta property=\"og:description\" content=\"A quest\u00e3o do protesto de cheque ap\u00f3s o prazo da execu\u00e7\u00e3o cambial, que \u00e9 de 6 (seis) meses contados da expira\u00e7\u00e3o do prazo de apresenta\u00e7\u00e3o, \u00e9 uma quest\u00e3o com poucos precedentes no Judici\u00e1rio. Recentemente, a Terceira Turma do Superior Tribunal de Justi\u00e7a, no recurso Especial n\u00ba 1.677.772\/RJ, Relatora Ministra Nancy Andrighi, DJe 20\/11\/2017, entendeu que [&hellip;]\" \/>\n<meta property=\"og:url\" content=\"https:\/\/www.grupociatos.com.br\/?p=5344\" \/>\n<meta property=\"og:site_name\" content=\"Grupo Ciatos\" \/>\n<meta property=\"article:published_time\" content=\"2018-01-26T17:06:10+00:00\" \/>\n<meta name=\"author\" content=\"Grupo Ciatos\" \/>\n<meta name=\"twitter:card\" content=\"summary_large_image\" \/>\n<meta name=\"twitter:label1\" content=\"Written by\" \/>\n\t<meta name=\"twitter:data1\" content=\"Grupo Ciatos\" \/>\n\t<meta name=\"twitter:label2\" content=\"Est. reading time\" \/>\n\t<meta name=\"twitter:data2\" content=\"3 minutos\" \/>\n<script type=\"application\/ld+json\" class=\"yoast-schema-graph\">{\"@context\":\"https:\/\/schema.org\",\"@graph\":[{\"@type\":\"WebPage\",\"@id\":\"https:\/\/www.grupociatos.com.br\/?p=5344\",\"url\":\"https:\/\/www.grupociatos.com.br\/?p=5344\",\"name\":\"O PROTESTO DE CHEQUE PRESCRITO ENSEJA DANO MORAL? - Grupo Ciatos\",\"isPartOf\":{\"@id\":\"https:\/\/www.grupociatos.com.br\/#website\"},\"primaryImageOfPage\":{\"@id\":\"https:\/\/www.grupociatos.com.br\/?p=5344#primaryimage\"},\"image\":{\"@id\":\"https:\/\/www.grupociatos.com.br\/?p=5344#primaryimage\"},\"thumbnailUrl\":\"\",\"datePublished\":\"2018-01-26T17:06:10+00:00\",\"author\":{\"@id\":\"https:\/\/www.grupociatos.com.br\/#\/schema\/person\/c3d1c2165562e77b89deb88dec0b71c9\"},\"breadcrumb\":{\"@id\":\"https:\/\/www.grupociatos.com.br\/?p=5344#breadcrumb\"},\"inLanguage\":\"pt-BR\",\"potentialAction\":[{\"@type\":\"ReadAction\",\"target\":[\"https:\/\/www.grupociatos.com.br\/?p=5344\"]}]},{\"@type\":\"ImageObject\",\"inLanguage\":\"pt-BR\",\"@id\":\"https:\/\/www.grupociatos.com.br\/?p=5344#primaryimage\",\"url\":\"\",\"contentUrl\":\"\"},{\"@type\":\"BreadcrumbList\",\"@id\":\"https:\/\/www.grupociatos.com.br\/?p=5344#breadcrumb\",\"itemListElement\":[{\"@type\":\"ListItem\",\"position\":1,\"name\":\"Home\",\"item\":\"https:\/\/www.grupociatos.com.br\/\"},{\"@type\":\"ListItem\",\"position\":2,\"name\":\"O PROTESTO DE CHEQUE PRESCRITO ENSEJA DANO MORAL?\"}]},{\"@type\":\"WebSite\",\"@id\":\"https:\/\/www.grupociatos.com.br\/#website\",\"url\":\"https:\/\/www.grupociatos.com.br\/\",\"name\":\"Grupo Ciatos\",\"description\":\"\",\"potentialAction\":[{\"@type\":\"SearchAction\",\"target\":{\"@type\":\"EntryPoint\",\"urlTemplate\":\"https:\/\/www.grupociatos.com.br\/?s={search_term_string}\"},\"query-input\":{\"@type\":\"PropertyValueSpecification\",\"valueRequired\":true,\"valueName\":\"search_term_string\"}}],\"inLanguage\":\"pt-BR\"},{\"@type\":\"Person\",\"@id\":\"https:\/\/www.grupociatos.com.br\/#\/schema\/person\/c3d1c2165562e77b89deb88dec0b71c9\",\"name\":\"Grupo Ciatos\",\"image\":{\"@type\":\"ImageObject\",\"inLanguage\":\"pt-BR\",\"@id\":\"https:\/\/www.grupociatos.com.br\/#\/schema\/person\/image\/\",\"url\":\"https:\/\/secure.gravatar.com\/avatar\/af80136d966725a0ae580ab51908e940da73c4073e4a1ab3919ae432f1ed6112?s=96&d=mm&r=g\",\"contentUrl\":\"https:\/\/secure.gravatar.com\/avatar\/af80136d966725a0ae580ab51908e940da73c4073e4a1ab3919ae432f1ed6112?s=96&d=mm&r=g\",\"caption\":\"Grupo Ciatos\"},\"sameAs\":[\"https:\/\/www.grupociatos.com.br\"],\"url\":\"https:\/\/www.grupociatos.com.br\/?author=1\"}]}<\/script>\n<!-- \/ Yoast SEO plugin. -->","yoast_head_json":{"title":"O PROTESTO DE CHEQUE PRESCRITO ENSEJA DANO MORAL? - Grupo Ciatos","robots":{"index":"index","follow":"follow","max-snippet":"max-snippet:-1","max-image-preview":"max-image-preview:large","max-video-preview":"max-video-preview:-1"},"canonical":"https:\/\/www.grupociatos.com.br\/?p=5344","og_locale":"pt_BR","og_type":"article","og_title":"O PROTESTO DE CHEQUE PRESCRITO ENSEJA DANO MORAL? - Grupo Ciatos","og_description":"A quest\u00e3o do protesto de cheque ap\u00f3s o prazo da execu\u00e7\u00e3o cambial, que \u00e9 de 6 (seis) meses contados da expira\u00e7\u00e3o do prazo de apresenta\u00e7\u00e3o, \u00e9 uma quest\u00e3o com poucos precedentes no Judici\u00e1rio. Recentemente, a Terceira Turma do Superior Tribunal de Justi\u00e7a, no recurso Especial n\u00ba 1.677.772\/RJ, Relatora Ministra Nancy Andrighi, DJe 20\/11\/2017, entendeu que [&hellip;]","og_url":"https:\/\/www.grupociatos.com.br\/?p=5344","og_site_name":"Grupo Ciatos","article_published_time":"2018-01-26T17:06:10+00:00","author":"Grupo Ciatos","twitter_card":"summary_large_image","twitter_misc":{"Written by":"Grupo Ciatos","Est. reading time":"3 minutos"},"schema":{"@context":"https:\/\/schema.org","@graph":[{"@type":"WebPage","@id":"https:\/\/www.grupociatos.com.br\/?p=5344","url":"https:\/\/www.grupociatos.com.br\/?p=5344","name":"O PROTESTO DE CHEQUE PRESCRITO ENSEJA DANO MORAL? - Grupo Ciatos","isPartOf":{"@id":"https:\/\/www.grupociatos.com.br\/#website"},"primaryImageOfPage":{"@id":"https:\/\/www.grupociatos.com.br\/?p=5344#primaryimage"},"image":{"@id":"https:\/\/www.grupociatos.com.br\/?p=5344#primaryimage"},"thumbnailUrl":"","datePublished":"2018-01-26T17:06:10+00:00","author":{"@id":"https:\/\/www.grupociatos.com.br\/#\/schema\/person\/c3d1c2165562e77b89deb88dec0b71c9"},"breadcrumb":{"@id":"https:\/\/www.grupociatos.com.br\/?p=5344#breadcrumb"},"inLanguage":"pt-BR","potentialAction":[{"@type":"ReadAction","target":["https:\/\/www.grupociatos.com.br\/?p=5344"]}]},{"@type":"ImageObject","inLanguage":"pt-BR","@id":"https:\/\/www.grupociatos.com.br\/?p=5344#primaryimage","url":"","contentUrl":""},{"@type":"BreadcrumbList","@id":"https:\/\/www.grupociatos.com.br\/?p=5344#breadcrumb","itemListElement":[{"@type":"ListItem","position":1,"name":"Home","item":"https:\/\/www.grupociatos.com.br\/"},{"@type":"ListItem","position":2,"name":"O PROTESTO DE CHEQUE PRESCRITO ENSEJA DANO MORAL?"}]},{"@type":"WebSite","@id":"https:\/\/www.grupociatos.com.br\/#website","url":"https:\/\/www.grupociatos.com.br\/","name":"Grupo Ciatos","description":"","potentialAction":[{"@type":"SearchAction","target":{"@type":"EntryPoint","urlTemplate":"https:\/\/www.grupociatos.com.br\/?s={search_term_string}"},"query-input":{"@type":"PropertyValueSpecification","valueRequired":true,"valueName":"search_term_string"}}],"inLanguage":"pt-BR"},{"@type":"Person","@id":"https:\/\/www.grupociatos.com.br\/#\/schema\/person\/c3d1c2165562e77b89deb88dec0b71c9","name":"Grupo Ciatos","image":{"@type":"ImageObject","inLanguage":"pt-BR","@id":"https:\/\/www.grupociatos.com.br\/#\/schema\/person\/image\/","url":"https:\/\/secure.gravatar.com\/avatar\/af80136d966725a0ae580ab51908e940da73c4073e4a1ab3919ae432f1ed6112?s=96&d=mm&r=g","contentUrl":"https:\/\/secure.gravatar.com\/avatar\/af80136d966725a0ae580ab51908e940da73c4073e4a1ab3919ae432f1ed6112?s=96&d=mm&r=g","caption":"Grupo Ciatos"},"sameAs":["https:\/\/www.grupociatos.com.br"],"url":"https:\/\/www.grupociatos.com.br\/?author=1"}]}},"_links":{"self":[{"href":"https:\/\/www.grupociatos.com.br\/index.php?rest_route=\/wp\/v2\/posts\/5344","targetHints":{"allow":["GET"]}}],"collection":[{"href":"https:\/\/www.grupociatos.com.br\/index.php?rest_route=\/wp\/v2\/posts"}],"about":[{"href":"https:\/\/www.grupociatos.com.br\/index.php?rest_route=\/wp\/v2\/types\/post"}],"author":[{"embeddable":true,"href":"https:\/\/www.grupociatos.com.br\/index.php?rest_route=\/wp\/v2\/users\/1"}],"replies":[{"embeddable":true,"href":"https:\/\/www.grupociatos.com.br\/index.php?rest_route=%2Fwp%2Fv2%2Fcomments&post=5344"}],"version-history":[{"count":0,"href":"https:\/\/www.grupociatos.com.br\/index.php?rest_route=\/wp\/v2\/posts\/5344\/revisions"}],"wp:featuredmedia":[{"embeddable":true,"href":"https:\/\/www.grupociatos.com.br\/index.php?rest_route=\/"}],"wp:attachment":[{"href":"https:\/\/www.grupociatos.com.br\/index.php?rest_route=%2Fwp%2Fv2%2Fmedia&parent=5344"}],"wp:term":[{"taxonomy":"category","embeddable":true,"href":"https:\/\/www.grupociatos.com.br\/index.php?rest_route=%2Fwp%2Fv2%2Fcategories&post=5344"},{"taxonomy":"post_tag","embeddable":true,"href":"https:\/\/www.grupociatos.com.br\/index.php?rest_route=%2Fwp%2Fv2%2Ftags&post=5344"},{"taxonomy":"_segmentos","embeddable":true,"href":"https:\/\/www.grupociatos.com.br\/index.php?rest_route=%2Fwp%2Fv2%2F_segmentos&post=5344"}],"curies":[{"name":"wp","href":"https:\/\/api.w.org\/{rel}","templated":true}]}}