{"id":5360,"date":"2018-02-14T14:23:25","date_gmt":"2018-02-14T16:23:25","guid":{"rendered":"https:\/\/grupociatos.com.br\/?p=5360"},"modified":"2018-02-14T14:23:25","modified_gmt":"2018-02-14T16:23:25","slug":"portaria-948-17-do-procedimento-administrativo-de-reconhecimento-de-responsabilidade-parr","status":"publish","type":"post","link":"https:\/\/www.grupociatos.com.br\/?p=5360","title":{"rendered":"PORTARIA 948\/17 &#8211; DO PROCEDIMENTO ADMINISTRATIVO DE RECONHECIMENTO DE RESPONSABILIDADE &#8211; PARR"},"content":{"rendered":"<p style=\"text-align: justify;\">Foi publicado no Di\u00e1rio Oficial da Uni\u00e3o, no dia 19\/09\/2017, a Portaria PGFN n\u00ba 948, que regulamentou, no \u00e2mbito da Procuradoria-Geral da Fazenda Nacional &#8211; PGFN, o Procedimento Administrativo de Reconhecimento de Responsabilidade \u2013 PARR.<\/p>\n<p style=\"text-align: justify;\">Esta Portaria regulamenta o procedimento administrativo para apura\u00e7\u00e3o de responsabilidade de terceiros pela pr\u00e1tica da infra\u00e7\u00e3o \u00e0 lei consistente na dissolu\u00e7\u00e3o irregular de pessoa jur\u00eddica devedora de cr\u00e9ditos inscritos em d\u00edvida ativa administrados pela PGFN.<\/p>\n<p style=\"text-align: justify;\">O Procedimento Administrativo de Reconhecimento de Responsabilidade &#8211; PARR ser\u00e1 instaurado por iniciativa da unidade descentralizada da PGFN respons\u00e1vel pela cobran\u00e7a de d\u00e9bito inscrito em d\u00edvida ativa em face de pessoa jur\u00eddica devedora.<\/p>\n<p style=\"text-align: justify;\">O procedimento ser\u00e1 realizado contra o terceiro cuja responsabilidade se pretende apurar e dever\u00e1 indicar especificamente os ind\u00edcios da ocorr\u00eancia da dissolu\u00e7\u00e3o irregular da pessoa jur\u00eddica devedora, devendo conter, no m\u00ednimo, as seguintes informa\u00e7\u00f5es: a) identifica\u00e7\u00e3o da pessoa jur\u00eddica cuja dissolu\u00e7\u00e3o irregular \u00e9 apontada; b) identifica\u00e7\u00e3o do terceiro em face do qual o procedimento foi instaurado; c) elementos de fato que caracterizaram a dissolu\u00e7\u00e3o irregular da pessoa jur\u00eddica; d) fundamentos de direito da imputa\u00e7\u00e3o da responsabilidade pela d\u00edvida ao terceiro; e) discrimina\u00e7\u00e3o e valor consolidado dos d\u00e9bitos inscritos em d\u00edvida ativa objeto do procedimento.<\/p>\n<p style=\"text-align: justify;\"><strong>Da Impugna\u00e7\u00e3o<\/strong><\/p>\n<p style=\"text-align: justify;\">Atendidos os requisitos previstos no PARR, o terceiro, ao qual se imputa responsabilidade, ser\u00e1 iniciado mediante a notifica\u00e7\u00e3o, por carta com aviso de recebimento, para, querendo, apresentar, no prazo de 15 (quinze) dias corridos, impugna\u00e7\u00e3o.<\/p>\n<p style=\"text-align: justify;\">Caso resulte frustrada a notifica\u00e7\u00e3o, esta ser\u00e1 realizada por meio de publica\u00e7\u00e3o oficial.<\/p>\n<p style=\"text-align: justify;\">Ser\u00e1 franqueada ao interessado, mediante acesso ao Centro Virtual de Atendimento da PGFN (e-CAC PGFN), dispon\u00edvel no s\u00edtio da PGFN na internet (www.pgfn.gov.br), a consulta ao procedimento instaurado, contendo os respectivos fundamentos e as informa\u00e7\u00f5es relacionadas \u00e0 cobran\u00e7a.<\/p>\n<p style=\"text-align: justify;\">A impugna\u00e7\u00e3o, dever\u00e1 se limitar \u00e0 discuss\u00e3o objeto do PARR, ser\u00e1 apresentada exclusivamente por meio do e-CAC da PGFN e dever\u00e1 trazer elementos aptos para demonstrar a inocorr\u00eancia de dissolu\u00e7\u00e3o irregular ou a aus\u00eancia de responsabilidade pelas d\u00edvidas.<\/p>\n<p style=\"text-align: justify;\">Ser\u00e1 poss\u00edvel a juntada de documentos, devendo a impugna\u00e7\u00e3o, preferencialmente, ser instru\u00edda com: a) Qualifica\u00e7\u00e3o completa (nome, CPF, RG, profiss\u00e3o e estado civil) e endere\u00e7o f\u00edsico e eletr\u00f4nico atualizado do impugnante; b) C\u00f3pia dos documentos que comprovem o regular funcionamento da pessoa jur\u00eddica, como notas fiscais, livros cont\u00e1beis e fiscais, extratos banc\u00e1rios, rela\u00e7\u00e3o de empregados e comprova\u00e7\u00e3o do pagamento de tributos correntes; e c) Outros documentos que infirmem os ind\u00edcios de encerramento irregular das atividades da pessoa jur\u00eddica devedora ou demonstrem a sua aus\u00eancia de responsabilidade em rela\u00e7\u00e3o \u00e0s d\u00edvidas em cobran\u00e7a.<\/p>\n<p style=\"text-align: justify;\">Apresentada a impugna\u00e7\u00e3o, todas as comunica\u00e7\u00f5es ulteriores ser\u00e3o realizadas por meio do e-CAC PGFN, cabendo ao interessado acompanhar a respectiva tramita\u00e7\u00e3o.<\/p>\n<p style=\"text-align: justify;\"><strong>Da Decis\u00e3o da Impugna\u00e7\u00e3o<\/strong><\/p>\n<p style=\"text-align: justify;\">A impugna\u00e7\u00e3o ser\u00e1 apreciada por Procurador da Fazenda Nacional em exerc\u00edcio na unidade descentralizada respons\u00e1vel pela inscri\u00e7\u00e3o em d\u00edvida ativa.<\/p>\n<p style=\"text-align: justify;\">A decis\u00e3o ser\u00e1 proferida no prazo de at\u00e9 trinta dias corridos, prorrog\u00e1vel por igual per\u00edodo.<\/p>\n<p style=\"text-align: justify;\">A decis\u00e3o dever\u00e1 conter motiva\u00e7\u00e3o expl\u00edcita, clara e congruente, com indica\u00e7\u00e3o dos fatos e dos fundamentos jur\u00eddicos que amparam a conclus\u00e3o adotada, sem preju\u00edzo da possibilidade de emprego da t\u00e9cnica de fundamenta\u00e7\u00e3o referenciada.<\/p>\n<p style=\"text-align: justify;\"><strong>Do Recurso<\/strong><\/p>\n<p style=\"text-align: justify;\">O interessado ser\u00e1 notificado da decis\u00e3o por meio do e-CAC da PGFN, sendo-lhe facultado interpor recurso administrativo no prazo de dez dias corridos, sem efeito suspensivo.<\/p>\n<p style=\"text-align: justify;\">O recurso administrativo dever\u00e1 ser apresentado atrav\u00e9s do e-CAC PGFN e dever\u00e1 expor, de forma clara e objetiva, os fundamentos do pedido de reexame, atendendo aos requisitos previstos na legisla\u00e7\u00e3o processual civil.<\/p>\n<p style=\"text-align: justify;\">Caso a autoridade respons\u00e1vel pela decis\u00e3o recorrida n\u00e3o a reconsidere, encaminhar\u00e1 o recurso \u00e0 autoridade superior, que poder\u00e1, de of\u00edcio ou a pedido, atribuir efeito suspensivo ao recurso.<\/p>\n<p style=\"text-align: justify;\">A autoridade competente para o julgamento do recurso ser\u00e1 o Procurador-Chefe da D\u00edvida Ativa nas unidades Regionais, o Procurador-Chefe ou o Procurador-Seccional da unidade descentralizada, desde que estes n\u00e3o sejam os respons\u00e1veis pela iniciativa da cobran\u00e7a ou pela decis\u00e3o recorrida, hip\u00f3teses em que o recurso dever\u00e1 ser submetido \u00e0 respectiva autoridade imediatamente superior.<\/p>\n<p style=\"text-align: justify;\">Importar\u00e1 ren\u00fancia \u00e0 inst\u00e2ncia recursal e o n\u00e3o conhecimento do recurso eventualmente interposto, a propositura, pelo interessado, de qualquer a\u00e7\u00e3o judicial cujo objeto coincida total ou parcialmente com o do PARR.<\/p>\n<p style=\"text-align: justify;\"><strong>Da Responsabilidade do Terceiro pelo D\u00e9bito Tribut\u00e1rio<\/strong><\/p>\n<p style=\"text-align: justify;\">Na hip\u00f3tese de rejei\u00e7\u00e3o da impugna\u00e7\u00e3o ou do recurso administrativo, o terceiro ser\u00e1 considerado respons\u00e1vel pelas d\u00edvidas, com isto, implicar\u00e1 a sensibiliza\u00e7\u00e3o dos sistemas de controle da d\u00edvida ativa e poder\u00e1 ter efeito sobre todos os d\u00e9bitos fiscais j\u00e1 inscritos em d\u00edvida ativa ou que vierem a ser, em cobran\u00e7a judicial ou n\u00e3o, em nome da pessoa jur\u00eddica irregularmente dissolvida e dos correspons\u00e1veis.<\/p>\n<p style=\"text-align: justify;\">A responsabilidade do terceiro somente poder\u00e1 ser afastada em rela\u00e7\u00e3o aos outros d\u00e9bitos fiscais n\u00e3o relacionados no PARR se demonstradas, fundamentadamente, peculiaridades f\u00e1ticas ou jur\u00eddicas que infirmem a responsabilidade.<\/p>\n<p style=\"text-align: justify;\">Sem preju\u00edzo da compet\u00eancia das unidades descentralizadas, a Coordena\u00e7\u00e3o-Geral da D\u00edvida Ativa da Uni\u00e3o (CDA) ou a Coordena\u00e7\u00e3o-Geral de Estrat\u00e9gias de Recupera\u00e7\u00e3o de Cr\u00e9ditos (CGR) poder\u00e3o instaurar o PARR.<\/p>\n<p>A equipe de consultores do Grupo Ciatos se coloca \u00e0 disposi\u00e7\u00e3o para solucionar eventuais d\u00favidas.<\/p>\n<p><strong>Quer conhecer um pouco mais sobre o <\/strong><strong>Grupo Ciatos?<\/strong><\/p>\n<p>Preencha o formul\u00e1rio abaixo que um dos Consultores\u00a0Ciatos\u00a0entrar\u00e1 em contato para agendar uma visita.\u00a0<\/p>\n\n\n<p><\/p>\n","protected":false},"excerpt":{"rendered":"<p>Foi publicado no Di\u00e1rio Oficial da Uni\u00e3o, no dia 19\/09\/2017, a Portaria PGFN n\u00ba 948, que regulamentou, no \u00e2mbito da Procuradoria-Geral da Fazenda Nacional &#8211; PGFN, o Procedimento Administrativo de Reconhecimento de Responsabilidade \u2013 PARR. Esta Portaria regulamenta o procedimento administrativo para apura\u00e7\u00e3o de responsabilidade de terceiros pela pr\u00e1tica da infra\u00e7\u00e3o \u00e0 lei consistente na [&hellip;]<\/p>\n","protected":false},"author":1,"featured_media":5902,"comment_status":"open","ping_status":"open","sticky":false,"template":"","format":"standard","meta":{"inline_featured_image":false,"footnotes":""},"categories":[266],"tags":[549,550],"_segmentos":[],"class_list":["post-5360","post","type-post","status-publish","format-standard","has-post-thumbnail","hentry","category-juridico","tag-procedimento-administrativo-de-reconhecimento-de-responsabilidade-parr","tag-procuradoria-geral-da-fazenda-nacional-pgfn-2"],"yoast_head":"<!-- This site is optimized with the Yoast SEO plugin v26.4 - https:\/\/yoast.com\/wordpress\/plugins\/seo\/ -->\n<title>PORTARIA 948\/17 - DO PROCEDIMENTO ADMINISTRATIVO DE RECONHECIMENTO DE RESPONSABILIDADE - PARR - Grupo Ciatos<\/title>\n<meta name=\"robots\" content=\"index, follow, max-snippet:-1, max-image-preview:large, max-video-preview:-1\" \/>\n<link rel=\"canonical\" href=\"https:\/\/www.grupociatos.com.br\/?p=5360\" \/>\n<meta property=\"og:locale\" content=\"pt_BR\" \/>\n<meta property=\"og:type\" content=\"article\" \/>\n<meta property=\"og:title\" content=\"PORTARIA 948\/17 - DO PROCEDIMENTO ADMINISTRATIVO DE RECONHECIMENTO DE RESPONSABILIDADE - PARR - Grupo Ciatos\" \/>\n<meta property=\"og:description\" content=\"Foi publicado no Di\u00e1rio Oficial da Uni\u00e3o, no dia 19\/09\/2017, a Portaria PGFN n\u00ba 948, que regulamentou, no \u00e2mbito da Procuradoria-Geral da Fazenda Nacional &#8211; PGFN, o Procedimento Administrativo de Reconhecimento de Responsabilidade \u2013 PARR. Esta Portaria regulamenta o procedimento administrativo para apura\u00e7\u00e3o de responsabilidade de terceiros pela pr\u00e1tica da infra\u00e7\u00e3o \u00e0 lei consistente na [&hellip;]\" \/>\n<meta property=\"og:url\" content=\"https:\/\/www.grupociatos.com.br\/?p=5360\" \/>\n<meta property=\"og:site_name\" content=\"Grupo Ciatos\" \/>\n<meta property=\"article:published_time\" content=\"2018-02-14T16:23:25+00:00\" \/>\n<meta name=\"author\" content=\"Grupo Ciatos\" \/>\n<meta name=\"twitter:card\" content=\"summary_large_image\" \/>\n<meta name=\"twitter:label1\" content=\"Written by\" \/>\n\t<meta name=\"twitter:data1\" content=\"Grupo Ciatos\" \/>\n\t<meta name=\"twitter:label2\" content=\"Est. reading time\" \/>\n\t<meta name=\"twitter:data2\" content=\"5 minutos\" \/>\n<script type=\"application\/ld+json\" class=\"yoast-schema-graph\">{\"@context\":\"https:\/\/schema.org\",\"@graph\":[{\"@type\":\"WebPage\",\"@id\":\"https:\/\/www.grupociatos.com.br\/?p=5360\",\"url\":\"https:\/\/www.grupociatos.com.br\/?p=5360\",\"name\":\"PORTARIA 948\/17 - DO PROCEDIMENTO ADMINISTRATIVO DE RECONHECIMENTO DE RESPONSABILIDADE - PARR - Grupo Ciatos\",\"isPartOf\":{\"@id\":\"https:\/\/www.grupociatos.com.br\/#website\"},\"primaryImageOfPage\":{\"@id\":\"https:\/\/www.grupociatos.com.br\/?p=5360#primaryimage\"},\"image\":{\"@id\":\"https:\/\/www.grupociatos.com.br\/?p=5360#primaryimage\"},\"thumbnailUrl\":\"\",\"datePublished\":\"2018-02-14T16:23:25+00:00\",\"author\":{\"@id\":\"https:\/\/www.grupociatos.com.br\/#\/schema\/person\/c3d1c2165562e77b89deb88dec0b71c9\"},\"breadcrumb\":{\"@id\":\"https:\/\/www.grupociatos.com.br\/?p=5360#breadcrumb\"},\"inLanguage\":\"pt-BR\",\"potentialAction\":[{\"@type\":\"ReadAction\",\"target\":[\"https:\/\/www.grupociatos.com.br\/?p=5360\"]}]},{\"@type\":\"ImageObject\",\"inLanguage\":\"pt-BR\",\"@id\":\"https:\/\/www.grupociatos.com.br\/?p=5360#primaryimage\",\"url\":\"\",\"contentUrl\":\"\"},{\"@type\":\"BreadcrumbList\",\"@id\":\"https:\/\/www.grupociatos.com.br\/?p=5360#breadcrumb\",\"itemListElement\":[{\"@type\":\"ListItem\",\"position\":1,\"name\":\"Home\",\"item\":\"https:\/\/www.grupociatos.com.br\/\"},{\"@type\":\"ListItem\",\"position\":2,\"name\":\"PORTARIA 948\/17 &#8211; DO PROCEDIMENTO ADMINISTRATIVO DE RECONHECIMENTO DE RESPONSABILIDADE &#8211; PARR\"}]},{\"@type\":\"WebSite\",\"@id\":\"https:\/\/www.grupociatos.com.br\/#website\",\"url\":\"https:\/\/www.grupociatos.com.br\/\",\"name\":\"Grupo Ciatos\",\"description\":\"\",\"potentialAction\":[{\"@type\":\"SearchAction\",\"target\":{\"@type\":\"EntryPoint\",\"urlTemplate\":\"https:\/\/www.grupociatos.com.br\/?s={search_term_string}\"},\"query-input\":{\"@type\":\"PropertyValueSpecification\",\"valueRequired\":true,\"valueName\":\"search_term_string\"}}],\"inLanguage\":\"pt-BR\"},{\"@type\":\"Person\",\"@id\":\"https:\/\/www.grupociatos.com.br\/#\/schema\/person\/c3d1c2165562e77b89deb88dec0b71c9\",\"name\":\"Grupo Ciatos\",\"image\":{\"@type\":\"ImageObject\",\"inLanguage\":\"pt-BR\",\"@id\":\"https:\/\/www.grupociatos.com.br\/#\/schema\/person\/image\/\",\"url\":\"https:\/\/secure.gravatar.com\/avatar\/af80136d966725a0ae580ab51908e940da73c4073e4a1ab3919ae432f1ed6112?s=96&d=mm&r=g\",\"contentUrl\":\"https:\/\/secure.gravatar.com\/avatar\/af80136d966725a0ae580ab51908e940da73c4073e4a1ab3919ae432f1ed6112?s=96&d=mm&r=g\",\"caption\":\"Grupo Ciatos\"},\"sameAs\":[\"https:\/\/www.grupociatos.com.br\"],\"url\":\"https:\/\/www.grupociatos.com.br\/?author=1\"}]}<\/script>\n<!-- \/ Yoast SEO plugin. -->","yoast_head_json":{"title":"PORTARIA 948\/17 - DO PROCEDIMENTO ADMINISTRATIVO DE RECONHECIMENTO DE RESPONSABILIDADE - PARR - Grupo Ciatos","robots":{"index":"index","follow":"follow","max-snippet":"max-snippet:-1","max-image-preview":"max-image-preview:large","max-video-preview":"max-video-preview:-1"},"canonical":"https:\/\/www.grupociatos.com.br\/?p=5360","og_locale":"pt_BR","og_type":"article","og_title":"PORTARIA 948\/17 - DO PROCEDIMENTO ADMINISTRATIVO DE RECONHECIMENTO DE RESPONSABILIDADE - PARR - Grupo Ciatos","og_description":"Foi publicado no Di\u00e1rio Oficial da Uni\u00e3o, no dia 19\/09\/2017, a Portaria PGFN n\u00ba 948, que regulamentou, no \u00e2mbito da Procuradoria-Geral da Fazenda Nacional &#8211; PGFN, o Procedimento Administrativo de Reconhecimento de Responsabilidade \u2013 PARR. Esta Portaria regulamenta o procedimento administrativo para apura\u00e7\u00e3o de responsabilidade de terceiros pela pr\u00e1tica da infra\u00e7\u00e3o \u00e0 lei consistente na [&hellip;]","og_url":"https:\/\/www.grupociatos.com.br\/?p=5360","og_site_name":"Grupo Ciatos","article_published_time":"2018-02-14T16:23:25+00:00","author":"Grupo Ciatos","twitter_card":"summary_large_image","twitter_misc":{"Written by":"Grupo Ciatos","Est. reading time":"5 minutos"},"schema":{"@context":"https:\/\/schema.org","@graph":[{"@type":"WebPage","@id":"https:\/\/www.grupociatos.com.br\/?p=5360","url":"https:\/\/www.grupociatos.com.br\/?p=5360","name":"PORTARIA 948\/17 - DO PROCEDIMENTO ADMINISTRATIVO DE RECONHECIMENTO DE RESPONSABILIDADE - PARR - Grupo Ciatos","isPartOf":{"@id":"https:\/\/www.grupociatos.com.br\/#website"},"primaryImageOfPage":{"@id":"https:\/\/www.grupociatos.com.br\/?p=5360#primaryimage"},"image":{"@id":"https:\/\/www.grupociatos.com.br\/?p=5360#primaryimage"},"thumbnailUrl":"","datePublished":"2018-02-14T16:23:25+00:00","author":{"@id":"https:\/\/www.grupociatos.com.br\/#\/schema\/person\/c3d1c2165562e77b89deb88dec0b71c9"},"breadcrumb":{"@id":"https:\/\/www.grupociatos.com.br\/?p=5360#breadcrumb"},"inLanguage":"pt-BR","potentialAction":[{"@type":"ReadAction","target":["https:\/\/www.grupociatos.com.br\/?p=5360"]}]},{"@type":"ImageObject","inLanguage":"pt-BR","@id":"https:\/\/www.grupociatos.com.br\/?p=5360#primaryimage","url":"","contentUrl":""},{"@type":"BreadcrumbList","@id":"https:\/\/www.grupociatos.com.br\/?p=5360#breadcrumb","itemListElement":[{"@type":"ListItem","position":1,"name":"Home","item":"https:\/\/www.grupociatos.com.br\/"},{"@type":"ListItem","position":2,"name":"PORTARIA 948\/17 &#8211; DO PROCEDIMENTO ADMINISTRATIVO DE RECONHECIMENTO DE RESPONSABILIDADE &#8211; PARR"}]},{"@type":"WebSite","@id":"https:\/\/www.grupociatos.com.br\/#website","url":"https:\/\/www.grupociatos.com.br\/","name":"Grupo Ciatos","description":"","potentialAction":[{"@type":"SearchAction","target":{"@type":"EntryPoint","urlTemplate":"https:\/\/www.grupociatos.com.br\/?s={search_term_string}"},"query-input":{"@type":"PropertyValueSpecification","valueRequired":true,"valueName":"search_term_string"}}],"inLanguage":"pt-BR"},{"@type":"Person","@id":"https:\/\/www.grupociatos.com.br\/#\/schema\/person\/c3d1c2165562e77b89deb88dec0b71c9","name":"Grupo Ciatos","image":{"@type":"ImageObject","inLanguage":"pt-BR","@id":"https:\/\/www.grupociatos.com.br\/#\/schema\/person\/image\/","url":"https:\/\/secure.gravatar.com\/avatar\/af80136d966725a0ae580ab51908e940da73c4073e4a1ab3919ae432f1ed6112?s=96&d=mm&r=g","contentUrl":"https:\/\/secure.gravatar.com\/avatar\/af80136d966725a0ae580ab51908e940da73c4073e4a1ab3919ae432f1ed6112?s=96&d=mm&r=g","caption":"Grupo Ciatos"},"sameAs":["https:\/\/www.grupociatos.com.br"],"url":"https:\/\/www.grupociatos.com.br\/?author=1"}]}},"_links":{"self":[{"href":"https:\/\/www.grupociatos.com.br\/index.php?rest_route=\/wp\/v2\/posts\/5360","targetHints":{"allow":["GET"]}}],"collection":[{"href":"https:\/\/www.grupociatos.com.br\/index.php?rest_route=\/wp\/v2\/posts"}],"about":[{"href":"https:\/\/www.grupociatos.com.br\/index.php?rest_route=\/wp\/v2\/types\/post"}],"author":[{"embeddable":true,"href":"https:\/\/www.grupociatos.com.br\/index.php?rest_route=\/wp\/v2\/users\/1"}],"replies":[{"embeddable":true,"href":"https:\/\/www.grupociatos.com.br\/index.php?rest_route=%2Fwp%2Fv2%2Fcomments&post=5360"}],"version-history":[{"count":0,"href":"https:\/\/www.grupociatos.com.br\/index.php?rest_route=\/wp\/v2\/posts\/5360\/revisions"}],"wp:featuredmedia":[{"embeddable":true,"href":"https:\/\/www.grupociatos.com.br\/index.php?rest_route=\/"}],"wp:attachment":[{"href":"https:\/\/www.grupociatos.com.br\/index.php?rest_route=%2Fwp%2Fv2%2Fmedia&parent=5360"}],"wp:term":[{"taxonomy":"category","embeddable":true,"href":"https:\/\/www.grupociatos.com.br\/index.php?rest_route=%2Fwp%2Fv2%2Fcategories&post=5360"},{"taxonomy":"post_tag","embeddable":true,"href":"https:\/\/www.grupociatos.com.br\/index.php?rest_route=%2Fwp%2Fv2%2Ftags&post=5360"},{"taxonomy":"_segmentos","embeddable":true,"href":"https:\/\/www.grupociatos.com.br\/index.php?rest_route=%2Fwp%2Fv2%2F_segmentos&post=5360"}],"curies":[{"name":"wp","href":"https:\/\/api.w.org\/{rel}","templated":true}]}}