{"id":6947,"date":"2018-07-16T17:50:56","date_gmt":"2018-07-16T20:50:56","guid":{"rendered":"https:\/\/grupociatos.com.br\/?p=6947"},"modified":"2018-07-16T17:50:56","modified_gmt":"2018-07-16T20:50:56","slug":"limitacao-constituicao-novas-obrigacoes-microempresas-empresas-pequeno-porte","status":"publish","type":"post","link":"https:\/\/www.grupociatos.com.br\/?p=6947","title":{"rendered":"LIMITA\u00c7\u00c3O A CONSTITUI\u00c7\u00c3O DE NOVAS OBRIGA\u00c7\u00d5ES DAS MICROEMPRESAS E EMPRESAS DE PEQUENO PORTE"},"content":{"rendered":"<p style=\"text-align: justify;\">O tratamento diferenciado e favorecido a ser dispensado \u00e0s microempresas e empresas de pequeno porte\u00a0ser\u00e1 gerido pelo:<\/p>\n<ul style=\"text-align: justify;\">\n<li>Comit\u00ea Gestor do Simples Nacional<\/li>\n<li>F\u00f3rum Permanente das Microempresas e Empresas de Pequeno Porte<\/li>\n<li>Comit\u00ea para Gest\u00e3o da Rede Nacional para Simplifica\u00e7\u00e3o do Registro e da Legaliza\u00e7\u00e3o de Empresas e Neg\u00f3cios \u2013 CGSIM<\/li>\n<\/ul>\n<p style=\"text-align: justify;\">O Comit\u00ea Gestor do Simples Nacional, vinculado ao Minist\u00e9rio da Fazenda, composto por 4 (quatro) representantes da Secretaria da Receita Federal do Brasil, como\u00a0representantes da Uni\u00e3o, 2 (dois) dos Estados e do Distrito Federal e 2 (dois) dos Munic\u00edpios, para tratar dos aspectos tribut\u00e1rios; e<\/p>\n<ul style=\"text-align: justify;\">\n<li>F\u00f3rum Permanente das Microempresas e Empresas de Pequeno Porte, com a participa\u00e7\u00e3o dos \u00f3rg\u00e3os federais competentes e das entidades vinculadas ao setor, para tratar dos demais aspectos, ressalvado o disposto no inciso III do\u00a0<strong>caput<\/strong>deste artigo;<\/li>\n<li>III\u00a0&#8211;\u00a0Comit\u00ea para Gest\u00e3o da Rede Nacional para Simplifica\u00e7\u00e3o do Registro e da Legaliza\u00e7\u00e3o de Empresas e Neg\u00f3cios &#8211; CGSIM, vinculado \u00e0 Secretaria da Micro e Pequena Empresa da Presid\u00eancia da Rep\u00fablica, composto por representantes da Uni\u00e3o, dos Estados e do Distrito Federal, dos Munic\u00edpios e demais \u00f3rg\u00e3os de apoio e de registro empresarial, na forma definida pelo Poder Executivo, para tratar do processo de registro e de legaliza\u00e7\u00e3o de empres\u00e1rios e de pessoas jur\u00eddicas.<\/li>\n<li>1<span style=\"text-decoration: line-through;\">\u00ba<\/span>Os Comit\u00eas de que tratam os incisos I e III do\u00a0<strong>caput<\/strong>deste artigo ser\u00e3o presididos e coordenados por representantes da Uni\u00e3o.<\/li>\n<li>2<span style=\"text-decoration: line-through;\">\u00ba<\/span>Os representantes dos Estados e do Distrito Federal nos Comit\u00eas referidos nos incisos I e III do\u00a0<strong>caput<\/strong>deste artigo ser\u00e3o indicados pelo Conselho Nacional de Pol\u00edtica Fazend\u00e1ria &#8211; CONFAZ e os dos Munic\u00edpios ser\u00e3o indicados, um pela entidade representativa das Secretarias de Finan\u00e7as das Capitais e outro pelas entidades de representa\u00e7\u00e3o nacional dos Munic\u00edpios brasileiros.<\/li>\n<li>3<span style=\"text-decoration: line-through;\">\u00ba<\/span>As entidades de representa\u00e7\u00e3o referidas no inciso III do\u00a0<strong>caput<\/strong>e no \u00a7 2<span style=\"text-decoration: line-through;\">\u00ba<\/span>\u00a0deste artigo ser\u00e3o aquelas regularmente constitu\u00eddas h\u00e1 pelo menos 1 (um) ano antes da publica\u00e7\u00e3o desta Lei Complementar.<\/li>\n<li>4<span style=\"text-decoration: line-through;\">\u00ba<\/span>Os Comit\u00eas de que tratam os incisos I e III do\u00a0<strong>caput<\/strong>deste artigo elaborar\u00e3o seus regimentos internos mediante resolu\u00e7\u00e3o.<\/li>\n<li><span style=\"text-decoration: line-through;\"> 5<u><sup>o<\/sup><\/u>O F\u00f3rum referido no inciso II do\u00a0<strong>caput\u00a0<\/strong>deste artigo, que tem por finalidade orientar e assessorar a formula\u00e7\u00e3o e coordena\u00e7\u00e3o da pol\u00edtica nacional de desenvolvimento das microempresas e empresas de pequeno porte, bem como acompanhar e avaliar a sua implanta\u00e7\u00e3o, ser\u00e1 presidido e coordenado pelo Minist\u00e9rio do Desenvolvimento, Ind\u00fastria e Com\u00e9rcio Exterior.<\/span><\/li>\n<li>5<u><sup>o<\/sup><\/u>O F\u00f3rum referido no inciso II do\u00a0caput\u00a0deste artigo tem por finalidade orientar e assessorar a formula\u00e7\u00e3o e coordena\u00e7\u00e3o da pol\u00edtica nacional de desenvolvimento das microempresas e empresas de pequeno porte, bem como acompanhar e avaliar a sua implanta\u00e7\u00e3o, sendo presidido e coordenado pela Secretaria da Micro e Pequena Empresa da Presid\u00eancia da Rep\u00fablica.\u00a0(Reda\u00e7\u00e3o dada pela Lei n\u00ba 12.792, de 2013)<\/li>\n<li>6<span style=\"text-decoration: line-through;\">\u00ba<\/span>Ao Comit\u00ea de que trata o inciso I do\u00a0<strong>caput<\/strong>\u00a0deste artigo compete regulamentar a op\u00e7\u00e3o, exclus\u00e3o, tributa\u00e7\u00e3o, fiscaliza\u00e7\u00e3o, arrecada\u00e7\u00e3o, cobran\u00e7a, d\u00edvida ativa, recolhimento e demais itens relativos ao regime de que trata o\u00a0art. 12 desta Lei Complementar, observadas as demais disposi\u00e7\u00f5es desta Lei Complementar.<\/li>\n<li>7<span style=\"text-decoration: line-through;\">\u00ba<\/span>Ao Comit\u00ea de que trata o inciso III do\u00a0<strong>caput<\/strong>deste artigo compete, na forma da lei, regulamentar a inscri\u00e7\u00e3o, cadastro, abertura, alvar\u00e1, arquivamento, licen\u00e7as, permiss\u00e3o, autoriza\u00e7\u00e3o, registros e demais itens relativos \u00e0 abertura, legaliza\u00e7\u00e3o e funcionamento de empres\u00e1rios e de pessoas jur\u00eddicas de qualquer porte, atividade econ\u00f4mica ou composi\u00e7\u00e3o societ\u00e1ria.<\/li>\n<li><span style=\"text-decoration: line-through;\"> 8\u00ba\u00a0Os membros dos Comit\u00eas de que tratam os incisos I e III do\u00a0<strong>caput<\/strong>deste artigo ser\u00e3o designados, respectivamente, pelos Ministros de Estado da Fazenda e do Desenvolvimento, Ind\u00fastria e Com\u00e9rcio Exterior, mediante indica\u00e7\u00e3o dos \u00f3rg\u00e3os e entidades vinculados.<\/span><\/li>\n<li>8<u><sup>o<\/sup><\/u>Os membros dos Comit\u00eas de que tratam os incisos I e III do\u00a0<strong>caput<\/strong>deste artigo ser\u00e3o designados, respectivamente, pelos Ministros de Estado da Fazenda e da Secretaria da Micro e Pequena Empresa da Presid\u00eancia da Rep\u00fablica, mediante indica\u00e7\u00e3o dos \u00f3rg\u00e3os e entidades vinculados. (Reda\u00e7\u00e3o pela Lei Complementar n\u00ba 147, de 2014)<\/li>\n<li>9<u><sup>o<\/sup><\/u>O CGSN poder\u00e1 determinar, com rela\u00e7\u00e3o \u00e0 microempresa e \u00e0 empresa de pequeno porte optante pelo Simples Nacional, a forma, a periodicidade e o prazo:\u00a0(Inclu\u00eddo pela Lei Complementar n\u00ba 147, de 2014)<\/li>\n<\/ul>\n<p style=\"text-align: justify;\">I\u00a0&#8211;\u00a0de entrega \u00e0 Secretaria da Receita Federal do Brasil &#8211; RFB de uma \u00fanica declara\u00e7\u00e3o com dados relacionados a fatos geradores, base de c\u00e1lculo e valores da contribui\u00e7\u00e3o para a Seguridade Social devida sobre a remunera\u00e7\u00e3o do trabalho, inclusive a descontada dos trabalhadores a servi\u00e7o da empresa, do Fundo de Garantia do Tempo de Servi\u00e7o &#8211; FGTS e outras informa\u00e7\u00f5es de interesse do Minist\u00e9rio do Trabalho e Emprego &#8211; MTE, do Instituto Nacional do Seguro Social &#8211; INSS e do Conselho Curador do FGTS, observado o disposto no \u00a7 7<u><sup>o<\/sup><\/u>\u00a0deste artigo; e\u00a0(Inclu\u00eddo pela Lei Complementar n\u00ba 147, de 2014)<\/p>\n<p style=\"text-align: justify;\">II\u00a0&#8211;\u00a0Do recolhimento das contribui\u00e7\u00f5es descritas no inciso I e do FGTS. (Inclu\u00eddo pela Lei Complementar n\u00ba 147, de 2014)<\/p>\n<ul style=\"text-align: justify;\">\n<li>10. \u00a0O recolhimento de que trata o inciso II do \u00a7 9<u><sup>o<\/sup><\/u>deste artigo poder\u00e1 se dar de forma unificada relativamente aos tributos apurados na forma do Simples Nacional.\u00a0(Inclu\u00eddo pela Lei Complementar n\u00ba 147, de 2014)<\/li>\n<li>11. \u00a0A entrega da declara\u00e7\u00e3o de que trata o inciso I do \u00a7 9<u><sup>o<\/sup><\/u>substituir\u00e1, na forma regulamentada pelo CGSN, a obrigatoriedade de entrega de todas as informa\u00e7\u00f5es, formul\u00e1rios e declara\u00e7\u00f5es a que est\u00e3o sujeitas as demais empresas ou equiparados que contratam trabalhadores, inclusive relativamente ao recolhimento do FGTS, \u00e0 Rela\u00e7\u00e3o Anual de Informa\u00e7\u00f5es Sociais e ao Cadastro Geral de Empregados e Desempregados. (Inclu\u00eddo pela Lei Complementar n\u00ba 147, de 2014)<\/li>\n<li>12. \u00a0Na hip\u00f3tese de recolhimento do FGTS na forma do inciso II do \u00a7 9<u><sup>o<\/sup><\/u>deste artigo, deve-se assegurar a transfer\u00eancia dos recursos e dos elementos identificadores do recolhimento ao gestor desse fundo para cr\u00e9dito na conta vinculada do trabalhador.\u00a0(Inclu\u00eddo pela Lei Complementar n\u00ba 147, de 2014)<\/li>\n<li>13. \u00a0O documento de que trata o inciso I do \u00a7 9<u><sup>o\u00a0<\/sup><\/u>tem car\u00e1ter declarat\u00f3rio, constituindo instrumento h\u00e1bil e suficiente para a exig\u00eancia dos tributos, contribui\u00e7\u00f5es e dos d\u00e9bitos fundi\u00e1rios que n\u00e3o tenham sido recolhidos resultantes das informa\u00e7\u00f5es nele prestadas.<\/li>\n<\/ul>\n\n\n<p>A equipe de consultores do Grupo Ciatos se coloca \u00e0 disposi\u00e7\u00e3o para solucionar eventuais d\u00favidas.<\/p>\n\n\n\n<p><strong>Quer conhecer um pouco mais sobre o <\/strong><strong>Grupo Ciatos?<\/strong><\/p>\n\n\n\n<p>Preencha o formul\u00e1rio abaixo que um dos Consultores&nbsp;Ciatos&nbsp;entrar\u00e1 em contato para agendar uma visita.&nbsp;<\/p>\n","protected":false},"excerpt":{"rendered":"<p>O tratamento diferenciado e favorecido a ser dispensado \u00e0s microempresas e empresas de pequeno porte\u00a0ser\u00e1 gerido pelo: Comit\u00ea Gestor do Simples Nacional F\u00f3rum Permanente das Microempresas e Empresas de Pequeno Porte Comit\u00ea para Gest\u00e3o da Rede Nacional para Simplifica\u00e7\u00e3o do Registro e da Legaliza\u00e7\u00e3o de Empresas e Neg\u00f3cios \u2013 CGSIM O Comit\u00ea Gestor do Simples [&hellip;]<\/p>\n","protected":false},"author":1,"featured_media":6952,"comment_status":"open","ping_status":"open","sticky":false,"template":"","format":"standard","meta":{"inline_featured_image":false,"footnotes":""},"categories":[267],"tags":[678,667,668,679,680,681,682,683],"_segmentos":[],"class_list":["post-6947","post","type-post","status-publish","format-standard","has-post-thumbnail","hentry","category-tributos","tag-empresas-de-pequeno-porte","tag-epp","tag-me","tag-micro-empresa","tag-novas-obrigacoes-epp","tag-novas-obrigacoes-me","tag-obrigacoes-empresa-de-pequeno-porte","tag-obrigacoes-micro-empresa"],"yoast_head":"<!-- This site is optimized with the Yoast SEO plugin v26.4 - https:\/\/yoast.com\/wordpress\/plugins\/seo\/ -->\n<title>LIMITA\u00c7\u00c3O A CONSTITUI\u00c7\u00c3O DE NOVAS OBRIGA\u00c7\u00d5ES DAS MICROEMPRESAS E EMPRESAS DE PEQUENO PORTE - Grupo Ciatos<\/title>\n<meta name=\"robots\" content=\"index, follow, max-snippet:-1, max-image-preview:large, max-video-preview:-1\" \/>\n<link rel=\"canonical\" href=\"https:\/\/www.grupociatos.com.br\/?p=6947\" \/>\n<meta property=\"og:locale\" content=\"pt_BR\" \/>\n<meta property=\"og:type\" content=\"article\" \/>\n<meta property=\"og:title\" content=\"LIMITA\u00c7\u00c3O A CONSTITUI\u00c7\u00c3O DE NOVAS OBRIGA\u00c7\u00d5ES DAS MICROEMPRESAS E EMPRESAS DE PEQUENO PORTE - Grupo Ciatos\" \/>\n<meta property=\"og:description\" content=\"O tratamento diferenciado e favorecido a ser dispensado \u00e0s microempresas e empresas de pequeno porte\u00a0ser\u00e1 gerido pelo: Comit\u00ea Gestor do Simples Nacional F\u00f3rum Permanente das Microempresas e Empresas de Pequeno Porte Comit\u00ea para Gest\u00e3o da Rede Nacional para Simplifica\u00e7\u00e3o do Registro e da Legaliza\u00e7\u00e3o de Empresas e Neg\u00f3cios \u2013 CGSIM O Comit\u00ea Gestor do Simples [&hellip;]\" \/>\n<meta property=\"og:url\" content=\"https:\/\/www.grupociatos.com.br\/?p=6947\" \/>\n<meta property=\"og:site_name\" content=\"Grupo Ciatos\" \/>\n<meta property=\"article:published_time\" content=\"2018-07-16T20:50:56+00:00\" \/>\n<meta name=\"author\" content=\"Grupo Ciatos\" \/>\n<meta name=\"twitter:card\" content=\"summary_large_image\" \/>\n<meta name=\"twitter:label1\" content=\"Written by\" \/>\n\t<meta name=\"twitter:data1\" content=\"Grupo Ciatos\" \/>\n\t<meta name=\"twitter:label2\" content=\"Est. reading time\" \/>\n\t<meta name=\"twitter:data2\" content=\"6 minutos\" \/>\n<script type=\"application\/ld+json\" class=\"yoast-schema-graph\">{\"@context\":\"https:\/\/schema.org\",\"@graph\":[{\"@type\":\"WebPage\",\"@id\":\"https:\/\/www.grupociatos.com.br\/?p=6947\",\"url\":\"https:\/\/www.grupociatos.com.br\/?p=6947\",\"name\":\"LIMITA\u00c7\u00c3O A CONSTITUI\u00c7\u00c3O DE NOVAS OBRIGA\u00c7\u00d5ES DAS MICROEMPRESAS E EMPRESAS DE PEQUENO PORTE - Grupo Ciatos\",\"isPartOf\":{\"@id\":\"https:\/\/www.grupociatos.com.br\/#website\"},\"primaryImageOfPage\":{\"@id\":\"https:\/\/www.grupociatos.com.br\/?p=6947#primaryimage\"},\"image\":{\"@id\":\"https:\/\/www.grupociatos.com.br\/?p=6947#primaryimage\"},\"thumbnailUrl\":\"\",\"datePublished\":\"2018-07-16T20:50:56+00:00\",\"author\":{\"@id\":\"https:\/\/www.grupociatos.com.br\/#\/schema\/person\/c3d1c2165562e77b89deb88dec0b71c9\"},\"breadcrumb\":{\"@id\":\"https:\/\/www.grupociatos.com.br\/?p=6947#breadcrumb\"},\"inLanguage\":\"pt-BR\",\"potentialAction\":[{\"@type\":\"ReadAction\",\"target\":[\"https:\/\/www.grupociatos.com.br\/?p=6947\"]}]},{\"@type\":\"ImageObject\",\"inLanguage\":\"pt-BR\",\"@id\":\"https:\/\/www.grupociatos.com.br\/?p=6947#primaryimage\",\"url\":\"\",\"contentUrl\":\"\"},{\"@type\":\"BreadcrumbList\",\"@id\":\"https:\/\/www.grupociatos.com.br\/?p=6947#breadcrumb\",\"itemListElement\":[{\"@type\":\"ListItem\",\"position\":1,\"name\":\"Home\",\"item\":\"https:\/\/www.grupociatos.com.br\/\"},{\"@type\":\"ListItem\",\"position\":2,\"name\":\"LIMITA\u00c7\u00c3O A CONSTITUI\u00c7\u00c3O DE NOVAS OBRIGA\u00c7\u00d5ES DAS MICROEMPRESAS E EMPRESAS DE PEQUENO PORTE\"}]},{\"@type\":\"WebSite\",\"@id\":\"https:\/\/www.grupociatos.com.br\/#website\",\"url\":\"https:\/\/www.grupociatos.com.br\/\",\"name\":\"Grupo Ciatos\",\"description\":\"\",\"potentialAction\":[{\"@type\":\"SearchAction\",\"target\":{\"@type\":\"EntryPoint\",\"urlTemplate\":\"https:\/\/www.grupociatos.com.br\/?s={search_term_string}\"},\"query-input\":{\"@type\":\"PropertyValueSpecification\",\"valueRequired\":true,\"valueName\":\"search_term_string\"}}],\"inLanguage\":\"pt-BR\"},{\"@type\":\"Person\",\"@id\":\"https:\/\/www.grupociatos.com.br\/#\/schema\/person\/c3d1c2165562e77b89deb88dec0b71c9\",\"name\":\"Grupo Ciatos\",\"image\":{\"@type\":\"ImageObject\",\"inLanguage\":\"pt-BR\",\"@id\":\"https:\/\/www.grupociatos.com.br\/#\/schema\/person\/image\/\",\"url\":\"https:\/\/secure.gravatar.com\/avatar\/af80136d966725a0ae580ab51908e940da73c4073e4a1ab3919ae432f1ed6112?s=96&d=mm&r=g\",\"contentUrl\":\"https:\/\/secure.gravatar.com\/avatar\/af80136d966725a0ae580ab51908e940da73c4073e4a1ab3919ae432f1ed6112?s=96&d=mm&r=g\",\"caption\":\"Grupo Ciatos\"},\"sameAs\":[\"https:\/\/www.grupociatos.com.br\"],\"url\":\"https:\/\/www.grupociatos.com.br\/?author=1\"}]}<\/script>\n<!-- \/ Yoast SEO plugin. -->","yoast_head_json":{"title":"LIMITA\u00c7\u00c3O A CONSTITUI\u00c7\u00c3O DE NOVAS OBRIGA\u00c7\u00d5ES DAS MICROEMPRESAS E EMPRESAS DE PEQUENO PORTE - Grupo Ciatos","robots":{"index":"index","follow":"follow","max-snippet":"max-snippet:-1","max-image-preview":"max-image-preview:large","max-video-preview":"max-video-preview:-1"},"canonical":"https:\/\/www.grupociatos.com.br\/?p=6947","og_locale":"pt_BR","og_type":"article","og_title":"LIMITA\u00c7\u00c3O A CONSTITUI\u00c7\u00c3O DE NOVAS OBRIGA\u00c7\u00d5ES DAS MICROEMPRESAS E EMPRESAS DE PEQUENO PORTE - Grupo Ciatos","og_description":"O tratamento diferenciado e favorecido a ser dispensado \u00e0s microempresas e empresas de pequeno porte\u00a0ser\u00e1 gerido pelo: Comit\u00ea Gestor do Simples Nacional F\u00f3rum Permanente das Microempresas e Empresas de Pequeno Porte Comit\u00ea para Gest\u00e3o da Rede Nacional para Simplifica\u00e7\u00e3o do Registro e da Legaliza\u00e7\u00e3o de Empresas e Neg\u00f3cios \u2013 CGSIM O Comit\u00ea Gestor do Simples [&hellip;]","og_url":"https:\/\/www.grupociatos.com.br\/?p=6947","og_site_name":"Grupo Ciatos","article_published_time":"2018-07-16T20:50:56+00:00","author":"Grupo Ciatos","twitter_card":"summary_large_image","twitter_misc":{"Written by":"Grupo Ciatos","Est. reading time":"6 minutos"},"schema":{"@context":"https:\/\/schema.org","@graph":[{"@type":"WebPage","@id":"https:\/\/www.grupociatos.com.br\/?p=6947","url":"https:\/\/www.grupociatos.com.br\/?p=6947","name":"LIMITA\u00c7\u00c3O A CONSTITUI\u00c7\u00c3O DE NOVAS OBRIGA\u00c7\u00d5ES DAS MICROEMPRESAS E EMPRESAS DE PEQUENO PORTE - Grupo Ciatos","isPartOf":{"@id":"https:\/\/www.grupociatos.com.br\/#website"},"primaryImageOfPage":{"@id":"https:\/\/www.grupociatos.com.br\/?p=6947#primaryimage"},"image":{"@id":"https:\/\/www.grupociatos.com.br\/?p=6947#primaryimage"},"thumbnailUrl":"","datePublished":"2018-07-16T20:50:56+00:00","author":{"@id":"https:\/\/www.grupociatos.com.br\/#\/schema\/person\/c3d1c2165562e77b89deb88dec0b71c9"},"breadcrumb":{"@id":"https:\/\/www.grupociatos.com.br\/?p=6947#breadcrumb"},"inLanguage":"pt-BR","potentialAction":[{"@type":"ReadAction","target":["https:\/\/www.grupociatos.com.br\/?p=6947"]}]},{"@type":"ImageObject","inLanguage":"pt-BR","@id":"https:\/\/www.grupociatos.com.br\/?p=6947#primaryimage","url":"","contentUrl":""},{"@type":"BreadcrumbList","@id":"https:\/\/www.grupociatos.com.br\/?p=6947#breadcrumb","itemListElement":[{"@type":"ListItem","position":1,"name":"Home","item":"https:\/\/www.grupociatos.com.br\/"},{"@type":"ListItem","position":2,"name":"LIMITA\u00c7\u00c3O A CONSTITUI\u00c7\u00c3O DE NOVAS OBRIGA\u00c7\u00d5ES DAS MICROEMPRESAS E EMPRESAS DE PEQUENO PORTE"}]},{"@type":"WebSite","@id":"https:\/\/www.grupociatos.com.br\/#website","url":"https:\/\/www.grupociatos.com.br\/","name":"Grupo Ciatos","description":"","potentialAction":[{"@type":"SearchAction","target":{"@type":"EntryPoint","urlTemplate":"https:\/\/www.grupociatos.com.br\/?s={search_term_string}"},"query-input":{"@type":"PropertyValueSpecification","valueRequired":true,"valueName":"search_term_string"}}],"inLanguage":"pt-BR"},{"@type":"Person","@id":"https:\/\/www.grupociatos.com.br\/#\/schema\/person\/c3d1c2165562e77b89deb88dec0b71c9","name":"Grupo Ciatos","image":{"@type":"ImageObject","inLanguage":"pt-BR","@id":"https:\/\/www.grupociatos.com.br\/#\/schema\/person\/image\/","url":"https:\/\/secure.gravatar.com\/avatar\/af80136d966725a0ae580ab51908e940da73c4073e4a1ab3919ae432f1ed6112?s=96&d=mm&r=g","contentUrl":"https:\/\/secure.gravatar.com\/avatar\/af80136d966725a0ae580ab51908e940da73c4073e4a1ab3919ae432f1ed6112?s=96&d=mm&r=g","caption":"Grupo Ciatos"},"sameAs":["https:\/\/www.grupociatos.com.br"],"url":"https:\/\/www.grupociatos.com.br\/?author=1"}]}},"_links":{"self":[{"href":"https:\/\/www.grupociatos.com.br\/index.php?rest_route=\/wp\/v2\/posts\/6947","targetHints":{"allow":["GET"]}}],"collection":[{"href":"https:\/\/www.grupociatos.com.br\/index.php?rest_route=\/wp\/v2\/posts"}],"about":[{"href":"https:\/\/www.grupociatos.com.br\/index.php?rest_route=\/wp\/v2\/types\/post"}],"author":[{"embeddable":true,"href":"https:\/\/www.grupociatos.com.br\/index.php?rest_route=\/wp\/v2\/users\/1"}],"replies":[{"embeddable":true,"href":"https:\/\/www.grupociatos.com.br\/index.php?rest_route=%2Fwp%2Fv2%2Fcomments&post=6947"}],"version-history":[{"count":0,"href":"https:\/\/www.grupociatos.com.br\/index.php?rest_route=\/wp\/v2\/posts\/6947\/revisions"}],"wp:featuredmedia":[{"embeddable":true,"href":"https:\/\/www.grupociatos.com.br\/index.php?rest_route=\/"}],"wp:attachment":[{"href":"https:\/\/www.grupociatos.com.br\/index.php?rest_route=%2Fwp%2Fv2%2Fmedia&parent=6947"}],"wp:term":[{"taxonomy":"category","embeddable":true,"href":"https:\/\/www.grupociatos.com.br\/index.php?rest_route=%2Fwp%2Fv2%2Fcategories&post=6947"},{"taxonomy":"post_tag","embeddable":true,"href":"https:\/\/www.grupociatos.com.br\/index.php?rest_route=%2Fwp%2Fv2%2Ftags&post=6947"},{"taxonomy":"_segmentos","embeddable":true,"href":"https:\/\/www.grupociatos.com.br\/index.php?rest_route=%2Fwp%2Fv2%2F_segmentos&post=6947"}],"curies":[{"name":"wp","href":"https:\/\/api.w.org\/{rel}","templated":true}]}}