{"id":9641,"date":"2018-11-20T14:07:33","date_gmt":"2018-11-20T16:07:33","guid":{"rendered":"https:\/\/grupociatos.com.br\/?p=9641"},"modified":"2018-11-20T14:07:33","modified_gmt":"2018-11-20T16:07:33","slug":"qual-o-termo-inicial-do-prazo-prescricional-para-cobranca-de-iptu","status":"publish","type":"post","link":"https:\/\/www.grupociatos.com.br\/?p=9641","title":{"rendered":"QUAL O TERMO INICIAL DO PRAZO PRESCRICIONAL PARA COBRAN\u00c7A DE IPTU?"},"content":{"rendered":"<p style=\"text-align: justify;\">A 1\u00aa se\u00e7\u00e3o do Superior Tribunal de Justi\u00e7a \u2013 STJ, no julgamento do Recurso Especial n\u00ba 1.641.011\u00a0e\u00a0Recurso Especial n\u00ba 1.658.517, no dia 14\/11\/18, decidiu que o termo inicial do prazo prescricional para a cobran\u00e7a judicial do IPTU inicia-se no dia seguinte \u00e0 data estipulada para o vencimento da exa\u00e7\u00e3o.<\/p>\n<p style=\"text-align: justify;\">Neste julgamento ainda ficou decidido que o parcelamento de of\u00edcio da d\u00edvida tribut\u00e1ria n\u00e3o configura causa interruptiva da contagem da prescri\u00e7\u00e3o uma vez n\u00e3o tendo anu\u00eddo o contribuinte.<\/p>\n<p style=\"text-align: justify;\">As quest\u00f5es controvertidas foram afetadas em sess\u00e3o de agosto de 2017, e s\u00e3o de processos relatados pelo ministro\u00a0<strong>Napole\u00e3o Nunes Maia Filho<\/strong>. Havia determina\u00e7\u00e3o de suspens\u00e3o nacional de todos os processos pendentes, individuais ou coletivos \u2013 ao todo, foram quase 8 mil processos suspensos em virtude da afeta\u00e7\u00e3o do tema.<\/p>\n\n\n<p>A equipe de consultores do Grupo Ciatos se coloca \u00e0 disposi\u00e7\u00e3o para solucionar eventuais d\u00favidas.<\/p>\n\n\n\n<p><strong>Quer conhecer um pouco mais sobre o <\/strong><strong>Grupo Ciatos?<\/strong><\/p>\n\n\n\n<p>Preencha o formul\u00e1rio abaixo que um dos Consultores&nbsp;Ciatos&nbsp;entrar\u00e1 em contato para agendar uma visita.&nbsp;<\/p>\n","protected":false},"excerpt":{"rendered":"<p>A 1\u00aa se\u00e7\u00e3o do Superior Tribunal de Justi\u00e7a \u2013 STJ, no julgamento do Recurso Especial n\u00ba 1.641.011\u00a0e\u00a0Recurso Especial n\u00ba 1.658.517, no dia 14\/11\/18, decidiu que o termo inicial do prazo prescricional para a cobran\u00e7a judicial do IPTU inicia-se no dia seguinte \u00e0 data estipulada para o vencimento da exa\u00e7\u00e3o. Neste julgamento ainda ficou decidido que [&hellip;]<\/p>\n","protected":false},"author":1,"featured_media":9647,"comment_status":"open","ping_status":"open","sticky":false,"template":"","format":"standard","meta":{"inline_featured_image":false,"footnotes":""},"categories":[266],"tags":[929,703,1160,1161,1162,138],"_segmentos":[],"class_list":["post-9641","post","type-post","status-publish","format-standard","has-post-thumbnail","hentry","category-juridico","tag-advogado-tributario","tag-grupo-ciatos","tag-inicio-da-contagem-do-prazo-prescricional-de-iptu","tag-parcelamento-tributario-nao-suspende-prescricao","tag-prazo-prescrional","tag-stj"],"yoast_head":"<!-- This site is optimized with the Yoast SEO plugin v26.4 - https:\/\/yoast.com\/wordpress\/plugins\/seo\/ -->\n<title>QUAL O TERMO INICIAL DO PRAZO PRESCRICIONAL PARA COBRAN\u00c7A DE IPTU? - Grupo Ciatos<\/title>\n<meta name=\"robots\" content=\"index, follow, max-snippet:-1, max-image-preview:large, max-video-preview:-1\" \/>\n<link rel=\"canonical\" href=\"https:\/\/www.grupociatos.com.br\/?p=9641\" \/>\n<meta property=\"og:locale\" content=\"pt_BR\" \/>\n<meta property=\"og:type\" content=\"article\" \/>\n<meta property=\"og:title\" content=\"QUAL O TERMO INICIAL DO PRAZO PRESCRICIONAL PARA COBRAN\u00c7A DE IPTU? - Grupo Ciatos\" \/>\n<meta property=\"og:description\" content=\"A 1\u00aa se\u00e7\u00e3o do Superior Tribunal de Justi\u00e7a \u2013 STJ, no julgamento do Recurso Especial n\u00ba 1.641.011\u00a0e\u00a0Recurso Especial n\u00ba 1.658.517, no dia 14\/11\/18, decidiu que o termo inicial do prazo prescricional para a cobran\u00e7a judicial do IPTU inicia-se no dia seguinte \u00e0 data estipulada para o vencimento da exa\u00e7\u00e3o. Neste julgamento ainda ficou decidido que [&hellip;]\" \/>\n<meta property=\"og:url\" content=\"https:\/\/www.grupociatos.com.br\/?p=9641\" \/>\n<meta property=\"og:site_name\" content=\"Grupo Ciatos\" \/>\n<meta property=\"article:published_time\" content=\"2018-11-20T16:07:33+00:00\" \/>\n<meta name=\"author\" content=\"Grupo Ciatos\" \/>\n<meta name=\"twitter:card\" content=\"summary_large_image\" \/>\n<meta name=\"twitter:label1\" content=\"Written by\" \/>\n\t<meta name=\"twitter:data1\" content=\"Grupo Ciatos\" \/>\n\t<meta name=\"twitter:label2\" content=\"Est. reading time\" \/>\n\t<meta name=\"twitter:data2\" content=\"1 minuto\" \/>\n<script type=\"application\/ld+json\" class=\"yoast-schema-graph\">{\"@context\":\"https:\/\/schema.org\",\"@graph\":[{\"@type\":\"WebPage\",\"@id\":\"https:\/\/www.grupociatos.com.br\/?p=9641\",\"url\":\"https:\/\/www.grupociatos.com.br\/?p=9641\",\"name\":\"QUAL O TERMO INICIAL DO PRAZO PRESCRICIONAL PARA COBRAN\u00c7A DE IPTU? - Grupo Ciatos\",\"isPartOf\":{\"@id\":\"https:\/\/www.grupociatos.com.br\/#website\"},\"primaryImageOfPage\":{\"@id\":\"https:\/\/www.grupociatos.com.br\/?p=9641#primaryimage\"},\"image\":{\"@id\":\"https:\/\/www.grupociatos.com.br\/?p=9641#primaryimage\"},\"thumbnailUrl\":\"\",\"datePublished\":\"2018-11-20T16:07:33+00:00\",\"author\":{\"@id\":\"https:\/\/www.grupociatos.com.br\/#\/schema\/person\/c3d1c2165562e77b89deb88dec0b71c9\"},\"breadcrumb\":{\"@id\":\"https:\/\/www.grupociatos.com.br\/?p=9641#breadcrumb\"},\"inLanguage\":\"pt-BR\",\"potentialAction\":[{\"@type\":\"ReadAction\",\"target\":[\"https:\/\/www.grupociatos.com.br\/?p=9641\"]}]},{\"@type\":\"ImageObject\",\"inLanguage\":\"pt-BR\",\"@id\":\"https:\/\/www.grupociatos.com.br\/?p=9641#primaryimage\",\"url\":\"\",\"contentUrl\":\"\"},{\"@type\":\"BreadcrumbList\",\"@id\":\"https:\/\/www.grupociatos.com.br\/?p=9641#breadcrumb\",\"itemListElement\":[{\"@type\":\"ListItem\",\"position\":1,\"name\":\"Home\",\"item\":\"https:\/\/www.grupociatos.com.br\/\"},{\"@type\":\"ListItem\",\"position\":2,\"name\":\"QUAL O TERMO INICIAL DO PRAZO PRESCRICIONAL PARA COBRAN\u00c7A DE IPTU?\"}]},{\"@type\":\"WebSite\",\"@id\":\"https:\/\/www.grupociatos.com.br\/#website\",\"url\":\"https:\/\/www.grupociatos.com.br\/\",\"name\":\"Grupo Ciatos\",\"description\":\"\",\"potentialAction\":[{\"@type\":\"SearchAction\",\"target\":{\"@type\":\"EntryPoint\",\"urlTemplate\":\"https:\/\/www.grupociatos.com.br\/?s={search_term_string}\"},\"query-input\":{\"@type\":\"PropertyValueSpecification\",\"valueRequired\":true,\"valueName\":\"search_term_string\"}}],\"inLanguage\":\"pt-BR\"},{\"@type\":\"Person\",\"@id\":\"https:\/\/www.grupociatos.com.br\/#\/schema\/person\/c3d1c2165562e77b89deb88dec0b71c9\",\"name\":\"Grupo Ciatos\",\"image\":{\"@type\":\"ImageObject\",\"inLanguage\":\"pt-BR\",\"@id\":\"https:\/\/www.grupociatos.com.br\/#\/schema\/person\/image\/\",\"url\":\"https:\/\/secure.gravatar.com\/avatar\/af80136d966725a0ae580ab51908e940da73c4073e4a1ab3919ae432f1ed6112?s=96&d=mm&r=g\",\"contentUrl\":\"https:\/\/secure.gravatar.com\/avatar\/af80136d966725a0ae580ab51908e940da73c4073e4a1ab3919ae432f1ed6112?s=96&d=mm&r=g\",\"caption\":\"Grupo Ciatos\"},\"sameAs\":[\"https:\/\/www.grupociatos.com.br\"],\"url\":\"https:\/\/www.grupociatos.com.br\/?author=1\"}]}<\/script>\n<!-- \/ Yoast SEO plugin. -->","yoast_head_json":{"title":"QUAL O TERMO INICIAL DO PRAZO PRESCRICIONAL PARA COBRAN\u00c7A DE IPTU? - Grupo Ciatos","robots":{"index":"index","follow":"follow","max-snippet":"max-snippet:-1","max-image-preview":"max-image-preview:large","max-video-preview":"max-video-preview:-1"},"canonical":"https:\/\/www.grupociatos.com.br\/?p=9641","og_locale":"pt_BR","og_type":"article","og_title":"QUAL O TERMO INICIAL DO PRAZO PRESCRICIONAL PARA COBRAN\u00c7A DE IPTU? - Grupo Ciatos","og_description":"A 1\u00aa se\u00e7\u00e3o do Superior Tribunal de Justi\u00e7a \u2013 STJ, no julgamento do Recurso Especial n\u00ba 1.641.011\u00a0e\u00a0Recurso Especial n\u00ba 1.658.517, no dia 14\/11\/18, decidiu que o termo inicial do prazo prescricional para a cobran\u00e7a judicial do IPTU inicia-se no dia seguinte \u00e0 data estipulada para o vencimento da exa\u00e7\u00e3o. Neste julgamento ainda ficou decidido que [&hellip;]","og_url":"https:\/\/www.grupociatos.com.br\/?p=9641","og_site_name":"Grupo Ciatos","article_published_time":"2018-11-20T16:07:33+00:00","author":"Grupo Ciatos","twitter_card":"summary_large_image","twitter_misc":{"Written by":"Grupo Ciatos","Est. reading time":"1 minuto"},"schema":{"@context":"https:\/\/schema.org","@graph":[{"@type":"WebPage","@id":"https:\/\/www.grupociatos.com.br\/?p=9641","url":"https:\/\/www.grupociatos.com.br\/?p=9641","name":"QUAL O TERMO INICIAL DO PRAZO PRESCRICIONAL PARA COBRAN\u00c7A DE IPTU? - Grupo Ciatos","isPartOf":{"@id":"https:\/\/www.grupociatos.com.br\/#website"},"primaryImageOfPage":{"@id":"https:\/\/www.grupociatos.com.br\/?p=9641#primaryimage"},"image":{"@id":"https:\/\/www.grupociatos.com.br\/?p=9641#primaryimage"},"thumbnailUrl":"","datePublished":"2018-11-20T16:07:33+00:00","author":{"@id":"https:\/\/www.grupociatos.com.br\/#\/schema\/person\/c3d1c2165562e77b89deb88dec0b71c9"},"breadcrumb":{"@id":"https:\/\/www.grupociatos.com.br\/?p=9641#breadcrumb"},"inLanguage":"pt-BR","potentialAction":[{"@type":"ReadAction","target":["https:\/\/www.grupociatos.com.br\/?p=9641"]}]},{"@type":"ImageObject","inLanguage":"pt-BR","@id":"https:\/\/www.grupociatos.com.br\/?p=9641#primaryimage","url":"","contentUrl":""},{"@type":"BreadcrumbList","@id":"https:\/\/www.grupociatos.com.br\/?p=9641#breadcrumb","itemListElement":[{"@type":"ListItem","position":1,"name":"Home","item":"https:\/\/www.grupociatos.com.br\/"},{"@type":"ListItem","position":2,"name":"QUAL O TERMO INICIAL DO PRAZO PRESCRICIONAL PARA COBRAN\u00c7A DE IPTU?"}]},{"@type":"WebSite","@id":"https:\/\/www.grupociatos.com.br\/#website","url":"https:\/\/www.grupociatos.com.br\/","name":"Grupo Ciatos","description":"","potentialAction":[{"@type":"SearchAction","target":{"@type":"EntryPoint","urlTemplate":"https:\/\/www.grupociatos.com.br\/?s={search_term_string}"},"query-input":{"@type":"PropertyValueSpecification","valueRequired":true,"valueName":"search_term_string"}}],"inLanguage":"pt-BR"},{"@type":"Person","@id":"https:\/\/www.grupociatos.com.br\/#\/schema\/person\/c3d1c2165562e77b89deb88dec0b71c9","name":"Grupo Ciatos","image":{"@type":"ImageObject","inLanguage":"pt-BR","@id":"https:\/\/www.grupociatos.com.br\/#\/schema\/person\/image\/","url":"https:\/\/secure.gravatar.com\/avatar\/af80136d966725a0ae580ab51908e940da73c4073e4a1ab3919ae432f1ed6112?s=96&d=mm&r=g","contentUrl":"https:\/\/secure.gravatar.com\/avatar\/af80136d966725a0ae580ab51908e940da73c4073e4a1ab3919ae432f1ed6112?s=96&d=mm&r=g","caption":"Grupo Ciatos"},"sameAs":["https:\/\/www.grupociatos.com.br"],"url":"https:\/\/www.grupociatos.com.br\/?author=1"}]}},"_links":{"self":[{"href":"https:\/\/www.grupociatos.com.br\/index.php?rest_route=\/wp\/v2\/posts\/9641","targetHints":{"allow":["GET"]}}],"collection":[{"href":"https:\/\/www.grupociatos.com.br\/index.php?rest_route=\/wp\/v2\/posts"}],"about":[{"href":"https:\/\/www.grupociatos.com.br\/index.php?rest_route=\/wp\/v2\/types\/post"}],"author":[{"embeddable":true,"href":"https:\/\/www.grupociatos.com.br\/index.php?rest_route=\/wp\/v2\/users\/1"}],"replies":[{"embeddable":true,"href":"https:\/\/www.grupociatos.com.br\/index.php?rest_route=%2Fwp%2Fv2%2Fcomments&post=9641"}],"version-history":[{"count":0,"href":"https:\/\/www.grupociatos.com.br\/index.php?rest_route=\/wp\/v2\/posts\/9641\/revisions"}],"wp:featuredmedia":[{"embeddable":true,"href":"https:\/\/www.grupociatos.com.br\/index.php?rest_route=\/"}],"wp:attachment":[{"href":"https:\/\/www.grupociatos.com.br\/index.php?rest_route=%2Fwp%2Fv2%2Fmedia&parent=9641"}],"wp:term":[{"taxonomy":"category","embeddable":true,"href":"https:\/\/www.grupociatos.com.br\/index.php?rest_route=%2Fwp%2Fv2%2Fcategories&post=9641"},{"taxonomy":"post_tag","embeddable":true,"href":"https:\/\/www.grupociatos.com.br\/index.php?rest_route=%2Fwp%2Fv2%2Ftags&post=9641"},{"taxonomy":"_segmentos","embeddable":true,"href":"https:\/\/www.grupociatos.com.br\/index.php?rest_route=%2Fwp%2Fv2%2F_segmentos&post=9641"}],"curies":[{"name":"wp","href":"https:\/\/api.w.org\/{rel}","templated":true}]}}